{"id":193,"date":"2009-11-27T00:47:44","date_gmt":"2009-11-26T22:47:44","guid":{"rendered":"https:\/\/www.gesund-heilfasten.de\/blog\/?p=193"},"modified":"2023-12-09T13:17:35","modified_gmt":"2023-12-09T12:17:35","slug":"wann-sind-probiotika-sinvoll","status":"publish","type":"post","link":"https:\/\/www.gesund-heilfasten.de\/blog\/wann-sind-probiotika-sinvoll\/","title":{"rendered":"Wann sind Probiotika sinvoll?"},"content":{"rendered":"<p>Bekannt sind <a href=\"https:\/\/www.gesund-heilfasten.de\/probiotika\/\">Probiotika<\/a>, also Mikroorganismen die \u00fcber die Nahrung aufgenommen werden und positive Auswirkung auf die Gesundheit haben sollen, seit \u00fcber einhundert Jahren.<\/p>\n<p>N\u00e4her erforscht wird die Wirkung dieser Organismen aber erst seit knapp drei\u00dfig Jahren &#8211; aber so richtig bekannt sind diese kleinen Mikroorganismen erst seit uns ein gewisser Meteorologe diese in einer Fernsehwerbung f\u00fcr einen bestimmten Joghurt n\u00e4her brachte. <!--more--><\/p>\n<p><strong>Mittlerweile gibt es mehrere Studien, die sich\u00a0mit Probiotika\u00a0besch\u00e4ftigt haben.<\/strong><\/p>\n<p>Aufgrund\u00a0von acht verschiedenen Untersuchungen gibt es keine wirklich eindeutigen Hinweise auf die angenommene und vielfach in der Werbung\u00a0propagierte gesundheitsf\u00f6rdernde Wirkweise der Probiotika.<\/p>\n<p>Drei Untersuchungen kommen zu positiven Resultaten, zwei zu negativen und drei sagen aus, dass Probiotika wirkneutral sind.<\/p>\n<p><strong>Wie k\u00f6nnen Laien mit diesen widerspr\u00fcchlichen Aussagen umgehen? <\/strong><\/p>\n<p>Dazu r\u00e4t Professor Stephan Bischoff, Direktor des Institutes f\u00fcr Ern\u00e4hrungsmedizin an der Universit\u00e4t Hohenheim, Folgendes:<\/p>\n<p>Die unterschiedlichen Studienergebnisse wiesen darauf hin, dass man die Wirkweise und damit auch den Einsatz von Probiotika differenzierter betrachten m\u00fcsse.<\/p>\n<p>Dies bedeute, es g\u00e4be Erkrankungen, bei denen Probiotika durchaus wirkungsvoll und gesundheitsf\u00f6rdernd seien, beispielsweise bei akuten und durch eine Infektion hervorgerufenen <a href=\"https:\/\/www.naturheilt.com\/durchfall\/\" target=\"_blank\" rel=\"noopener\">Durchfallerkrankungen<\/a> oder aber auch <a href=\"https:\/\/www.gesund-heilfasten.de\/darmerkrankungen\/\">Darmkrankheiten<\/a>, die auf eine chronische Entz\u00fcndung zur\u00fcckzuf\u00fchren seien.<\/p>\n<p>Ebenfalls positiv wirkten sie beim so genannten <a href=\"https:\/\/www.gesund-heilfasten.de\/reizdarmsyndrom\/\">Reizdarmsyndrom<\/a>, wenn Kleinkinder an <a href=\"https:\/\/www.gesund-heilfasten.de\/darmentzuendung\/\">Darmentz\u00fcndungen<\/a> litten oder ein Durchfall durch Antibiotika ausgel\u00f6st worden sei.<\/p>\n<p>Wohl \u00fcberlegt m\u00fcsse aber \u00fcber die Gabe von Probiotika bei schwerst kranken Menschen, beispielsweise auf der Intensivstation, nachgedacht werden, da hier nicht selten eine weit fortgeschrittene Darmsch\u00e4digung vorliege, so dass die Mikroorganismen unter Umst\u00e4nden sch\u00e4digend sein k\u00f6nnten.<\/p>\n<p>Diese Sch\u00e4digung ist nach meinen Erfahrungen vor allem bei Patienten mit einem sog. <a href=\"https:\/\/www.gesund-heilfasten.de\/leaky-gut-syndrom\/\">Leaky-Gut-Syndrom<\/a> zu erwarten.<\/p>\n<p>Sinnvoll erscheint es hingegen Schwerkranke dann mit Probiotika zu versorgen, wenn dies unter strenger \u00e4rztlicher Aufsicht und Kontrolle, beispielsweise im Rahmen einer medizinischen Studie geschieht.<\/p>\n<p>Aufgabe der Forschung ist es, herauszufinden, in welchen Krankheitszusammenh\u00e4ngen von einer Probiotika-Gabe abzusehen ist und wann sich diese positiv f\u00fcr den Patienten anwenden l\u00e4sst. Hierf\u00fcr bedarf es weiterer medizinischer Untersuchungen der Wirkweise der Mikroorganismen.<\/p>\n<p><strong>Weitere Artikel zu Probiotika und dem Darmimmunsystem:<\/strong><\/p>\n<p><a href=\"https:\/\/www.gesund-heilfasten.de\/blog\/probiotika-was-koennen-sie-wirklich\/\">Probiotika &#8211; Was k\u00f6nnen Sie wirklich?<\/a><\/p>\n<p><a href=\"https:\/\/www.gesund-heilfasten.de\/blog\/immunstaerkung-darm-immunsystem\/\">Immunst\u00e4rkung durch das Darmimmunsystem<\/a><\/p>\n<p><strong>\u00dcbrigens: Wenn Sie solche Informationen interessieren, dann fordern Sie unbedingt meinen Praxis-Newsletter mit den &#8222;5 Wundermitteln&#8220; an:<\/strong><br \/>\n<script type=\"text\/javascript\" src=\"https:\/\/rene-graeber.de\/view_webform_v2.js?u=v9&#038;webforms_id=pD2TS\"><\/script><\/p>\n<p>Kleine Anmerkung: Die Sache mit den &#8222;5 Wundermitteln&#8220; ist mit Abstand der beliebteste Newsletter, den meine Patienten gerne lesen&#8230;<\/p>\n<p>Beitragsbild: pixabay.com &#8211; Alicia_Harper.<\/p>\n","protected":false},"excerpt":{"rendered":"<p>Bekannt sind Probiotika, also Mikroorganismen die \u00fcber die Nahrung aufgenommen werden und positive Auswirkung auf die Gesundheit haben sollen, seit \u00fcber einhundert Jahren. N\u00e4her erforscht wird die Wirkung dieser Organismen aber erst seit knapp drei\u00dfig Jahren &#8211; aber so richtig bekannt sind diese kleinen Mikroorganismen erst seit uns ein gewisser Meteorologe diese in einer Fernsehwerbung [&hellip;]<\/p>\n","protected":false},"author":1,"featured_media":2782,"comment_status":"open","ping_status":"open","sticky":false,"template":"","format":"standard","meta":{"footnotes":""},"categories":[9,52],"tags":[65],"class_list":["post-193","post","type-post","status-publish","format-standard","has-post-thumbnail","hentry","category-beschwerden-und-krankheiten","category-nahrungsergaenzung","tag-probiotika"],"_links":{"self":[{"href":"https:\/\/www.gesund-heilfasten.de\/blog\/wp-json\/wp\/v2\/posts\/193","targetHints":{"allow":["GET"]}}],"collection":[{"href":"https:\/\/www.gesund-heilfasten.de\/blog\/wp-json\/wp\/v2\/posts"}],"about":[{"href":"https:\/\/www.gesund-heilfasten.de\/blog\/wp-json\/wp\/v2\/types\/post"}],"author":[{"embeddable":true,"href":"https:\/\/www.gesund-heilfasten.de\/blog\/wp-json\/wp\/v2\/users\/1"}],"replies":[{"embeddable":true,"href":"https:\/\/www.gesund-heilfasten.de\/blog\/wp-json\/wp\/v2\/comments?post=193"}],"version-history":[{"count":4,"href":"https:\/\/www.gesund-heilfasten.de\/blog\/wp-json\/wp\/v2\/posts\/193\/revisions"}],"predecessor-version":[{"id":2971,"href":"https:\/\/www.gesund-heilfasten.de\/blog\/wp-json\/wp\/v2\/posts\/193\/revisions\/2971"}],"wp:featuredmedia":[{"embeddable":true,"href":"https:\/\/www.gesund-heilfasten.de\/blog\/wp-json\/wp\/v2\/media\/2782"}],"wp:attachment":[{"href":"https:\/\/www.gesund-heilfasten.de\/blog\/wp-json\/wp\/v2\/media?parent=193"}],"wp:term":[{"taxonomy":"category","embeddable":true,"href":"https:\/\/www.gesund-heilfasten.de\/blog\/wp-json\/wp\/v2\/categories?post=193"},{"taxonomy":"post_tag","embeddable":true,"href":"https:\/\/www.gesund-heilfasten.de\/blog\/wp-json\/wp\/v2\/tags?post=193"}],"curies":[{"name":"wp","href":"https:\/\/api.w.org\/{rel}","templated":true}]}}