{"id":20,"date":"2026-02-13T10:49:18","date_gmt":"2026-02-13T09:49:18","guid":{"rendered":"https:\/\/www.gesund-heilfasten.de\/blog\/prostata-krebs-und-breuss-kur\/"},"modified":"2026-02-13T19:09:59","modified_gmt":"2026-02-13T18:09:59","slug":"prostata-krebs-und-breuss-kur","status":"publish","type":"post","link":"https:\/\/www.gesund-heilfasten.de\/blog\/prostata-krebs-und-breuss-kur\/","title":{"rendered":"Fasten nach Breuss &#8211; Oder: die &#8222;Prostata Krebs&#8220; und &#8222;Breuss Kur&#8220;"},"content":{"rendered":"<p>Heute erhielt ich folgende Frage:<\/p>\n<blockquote><p>Hallo Herr Graeber,<\/p>\n<p>ich bin im Internet auf Ihre Seite gestossen:<a href=\"https:\/\/www.gesund-heilfasten.de\/breuss-kur\/\">Den Krebs &#8222;aushungern&#8220; Die Krebs-Kur: &#8222;Krebskur-Total&#8220;<\/a>.<br \/>\nNachdem ich nun seit einigen Tagen Seiten (= Newsletter &#8211; Anm. des Blogautors) von Ihnen erhalten habe, ist von der Breuss-Kur nirgendswo die Rede mehr,wissen Sie \u00fcberhaupt was es mit dieser Breuss-Kur auf sich hat???<\/p>\n<p>Anfang Mai 2006 war ich an Prostata-Krebs erkrankt,war 3 Wochen im Krankenhaus, die \u00c4rzte habe sich nicht mehr getraut zu einer Operation,ich bekam dann eine Hormontherapie und sollte noch eine Strahlentherapie bekommen,welche ich aber abgelehnt habe,somit suchte ich selbst nach Alternativen und stiess im Internet auf die Breuss Krebs-Kur, habe die Hormontherapie abgebrochen und nach genauer<br \/>\nPr\u00fcfung am 9.Juni 2007 die Kur (42 Tage) genau gemacht.<\/p>\n<p>Die \u00c4rzte hatte mir im Mai 2006 eine Lebenserwartung von einem 3\/4 Jahr gegeben.<\/p>\n<p>Meine Blutwerte sind heute alle im Normbereich.<\/p><\/blockquote>\n<p>Antwort:<\/p>\n<p>Wer Breuss nicht kennt: Rudolf Breuss war ein \u00f6sterreichischer Naturheilkundler. In seinem Buch \u201eDie Krebs-Leuk\u00e4mie-Kur\u201c beschrieb er ein 42-t\u00e4giges Saftfasten mit Gem\u00fcses\u00e4ften und Kr\u00e4utertees.<\/p>\n<p>Seine Grundannahme: Tumorzellen ern\u00e4hren sich prim\u00e4r von fester Nahrung \u2013 entzieht man diese, w\u00fcrden sie \u201everhungern\u201c, w\u00e4hrend der K\u00f6rper von S\u00e4ften weiter versorgt werde.<\/p>\n<p><strong>Wichtig: <\/strong>Breuss hat nie pauschal behauptet, jede Krebsart sei auf diese Weise heilbar. Er differenzierte \u2013 was sp\u00e4ter oft ignoriert wurde.<\/p>\n<h2>Das Problem der Vereinfachung<\/h2>\n<p>Im Internet wurde aus einer differenzierten Beschreibung schnell eine Formel:<\/p>\n<p>Krebs -&gt; 42 Tage Fasten -&gt; Heilung.<\/p>\n<p>So hat Breuss das nie formuliert. Er hat sehr klar beschrieben, bei welchen Konstellationen er Zur\u00fcckhaltung empfahl. Und er hat nie behauptet, dass schulmedizinische Ma\u00dfnahmen grunds\u00e4tzlich abzubrechen seien. Das heutige Problem ist weniger das Fasten selbst \u2013 sondern die dogmatische Verk\u00fcrzung.<\/p>\n<h2>Prostatakrebs und Fasten<\/h2>\n<p>Es gibt Hinweise aus der Stoffwechselforschung, dass hormonabh\u00e4ngige Tumoren sensibel auf metabolische Ver\u00e4nderungen reagieren k\u00f6nnen. Prostatakarzinome geh\u00f6ren in vielen F\u00e4llen dazu.<\/p>\n<p>Fasten ver\u00e4ndert hier:<\/p>\n<ul>\n<li>Insulin<\/li>\n<li>IGF-1<\/li>\n<li>Entz\u00fcndungsmarker<\/li>\n<li>Zellstoffwechsel<\/li>\n<\/ul>\n<p>Das hei\u00dft jedoch nicht automatisch &#8222;Heilung&#8220;. Es hei\u00dft: Der Stoffwechsel beeinflusst das Tumormilieus. Mehr nicht \u2013 aber auch nicht weniger.<\/p>\n<h2>Warum ich \u00f6ffentlich zur\u00fcckhaltend bin<\/h2>\n<p>Ich halte mich mit konkreten Empfehlungen zur Breuss-Kur bewusst zur\u00fcck. Die Corona Jahre haben deutlich gezeigt, was &#8222;abgehen&#8220; kann. Und beim Thema Krebs kann man sich nur die Finger verbrennen&#8230;<\/p>\n<p>Auf zwei Dinge muss man achten:<\/p>\n<ol>\n<li>Menschen brechen eigenst\u00e4ndig Therapien ab<\/li>\n<li>Kritiker nutzen extreme F\u00e4lle, um Fasten generell zu diskreditieren<\/li>\n<\/ol>\n<p>Fasten ist ein starkes physiologisches Instrument. Aber es ist kein Allheilmittel.<\/p>\n<h2>Pers\u00f6nliche Bewertung<\/h2>\n<p>Die geschilderte Erfahrung ist beeindruckend. Aber sie ist halt auch eine Einzelerfahrung. Ein normwertiger PSA-Wert ersetzt keine differenzierte onkologische Beurteilung. Und eine Prognose von \u201eneun Monaten\u201c ist statistisch \u2013 keine exakte Uhr. Das gilt \u00fcbrigens f\u00fcr beide Seiten \u2013 schulmedizinisch wie alternativmedizinisch.<\/p>\n<p><strong>Wenn Sie sich f\u00fcr differenzierte naturheilkundliche Einordnungen interessieren \u2013 jenseits von Schwarz-Wei\u00df-Denken \u2013 dann abonnieren Sie meinen Praxis-Newsletter &#8222;Unabh\u00e4ngig. Nat\u00fcrlich. Klare Kante.&#8220;<\/strong><\/p>\n<p><script type=\"text\/javascript\" src=\"https:\/\/rene-graeber.de\/view_webform_v2.js?u=v9&#038;webforms_id=pL1KE\"><\/script><\/p>\n<p>Beitragsbild: fotolia.com &#8211; crevis<\/p>\n","protected":false},"excerpt":{"rendered":"<p>Heute erhielt ich folgende Frage: Hallo Herr Graeber, ich bin im Internet auf Ihre Seite gestossen:Den Krebs &#8222;aushungern&#8220; Die Krebs-Kur: &#8222;Krebskur-Total&#8220;. Nachdem ich nun seit einigen Tagen Seiten (= Newsletter &#8211; Anm. des Blogautors) von Ihnen erhalten habe, ist von der Breuss-Kur nirgendswo die Rede mehr,wissen Sie \u00fcberhaupt was es mit dieser Breuss-Kur auf sich [&hellip;]<\/p>\n","protected":false},"author":1,"featured_media":1965,"comment_status":"open","ping_status":"open","sticky":false,"template":"","format":"standard","meta":{"footnotes":""},"categories":[3],"tags":[262,261],"class_list":["post-20","post","type-post","status-publish","format-standard","has-post-thumbnail","hentry","category-heilfasten-und-fasten","tag-breuss-kur","tag-prostata-krebs"],"_links":{"self":[{"href":"https:\/\/www.gesund-heilfasten.de\/blog\/wp-json\/wp\/v2\/posts\/20","targetHints":{"allow":["GET"]}}],"collection":[{"href":"https:\/\/www.gesund-heilfasten.de\/blog\/wp-json\/wp\/v2\/posts"}],"about":[{"href":"https:\/\/www.gesund-heilfasten.de\/blog\/wp-json\/wp\/v2\/types\/post"}],"author":[{"embeddable":true,"href":"https:\/\/www.gesund-heilfasten.de\/blog\/wp-json\/wp\/v2\/users\/1"}],"replies":[{"embeddable":true,"href":"https:\/\/www.gesund-heilfasten.de\/blog\/wp-json\/wp\/v2\/comments?post=20"}],"version-history":[{"count":6,"href":"https:\/\/www.gesund-heilfasten.de\/blog\/wp-json\/wp\/v2\/posts\/20\/revisions"}],"predecessor-version":[{"id":3815,"href":"https:\/\/www.gesund-heilfasten.de\/blog\/wp-json\/wp\/v2\/posts\/20\/revisions\/3815"}],"wp:featuredmedia":[{"embeddable":true,"href":"https:\/\/www.gesund-heilfasten.de\/blog\/wp-json\/wp\/v2\/media\/1965"}],"wp:attachment":[{"href":"https:\/\/www.gesund-heilfasten.de\/blog\/wp-json\/wp\/v2\/media?parent=20"}],"wp:term":[{"taxonomy":"category","embeddable":true,"href":"https:\/\/www.gesund-heilfasten.de\/blog\/wp-json\/wp\/v2\/categories?post=20"},{"taxonomy":"post_tag","embeddable":true,"href":"https:\/\/www.gesund-heilfasten.de\/blog\/wp-json\/wp\/v2\/tags?post=20"}],"curies":[{"name":"wp","href":"https:\/\/api.w.org\/{rel}","templated":true}]}}