{"id":21,"date":"2008-01-28T11:07:16","date_gmt":"2008-01-28T09:07:16","guid":{"rendered":"https:\/\/www.gesund-heilfasten.de\/blog\/schuessler-salze-bei-erschoepfung\/"},"modified":"2025-12-24T16:32:29","modified_gmt":"2025-12-24T15:32:29","slug":"schuessler-salze-bei-erschoepfung","status":"publish","type":"post","link":"https:\/\/www.gesund-heilfasten.de\/blog\/schuessler-salze-bei-erschoepfung\/","title":{"rendered":"Sch\u00fcssler Salze bei Ersch\u00f6pfung?"},"content":{"rendered":"<p>Eine Frage einer Leistungssportlerin zum Thema M\u00fcdigkeit &#8211; Ersch\u00f6pfung und Sch\u00fcssler Salze:<\/p>\n<blockquote><p>Sehr geehrter Herr Gr\u00e4ber,<\/p>\n<p>vor Kurzem bin ich durch eine Freundin auf die <a href=\"https:\/\/www.gesund-heilfasten.de\/schuessler-salze\/\">Sch\u00fcssler Salze<\/a> aufmerksam geworden. Ich bin eine Leistungssportlerin, Biathletin um genau zu sein, trainiere im Jahr ca. 500 Stunden und bin jetzt in der Hochsaison leider ziemlich m\u00fcde und antriebslos, was nicht am Training liegt. Ich habe einige Pr\u00e4parate ausprobiert (Eisentabletten usw.), aber irgendwie hat nichts wirklich geholfen.\u00a0<!--more--> Ich wei\u00df, dass ich allein durch die Ern\u00e4hrung nicht alle Mineralien usw. meinem K\u00f6rper zuf\u00fchren kann, die er ben\u00f6tigt. Ich wei\u00df, dass dies nur sehr wenige und ungenaue Angaben zu meinem derzeitigen Befinden sind aber vielleicht haben Sie Zeit, mich zu informieren, ob ich da was mit einem oder mehreren Sch\u00fcssler Salzen verbessern k\u00f6nnte. Ich verlange von Ihnen keine detaillierte Antwort, aber ein paar kleine Infos w\u00e4ren schon sehr hilfreich f\u00fcr mich.<\/p>\n<p>Danke im Voraus.<\/p><\/blockquote>\n<p>Antwort:<\/p>\n<p>Als alter &#8222;Leistungssportler&#8220; muss ich nat\u00fcrlich antworten &#8211; alleine schon deshalb, weil ich mir zu meiner aktiven Zeit gew\u00fcnscht h\u00e4tte, was ich jetzt wei\u00df&#8230; Dann w\u00e4re meine Leistung wesentlich besser gewesen &#8211;\u00a0und das hat in der Tat mit Gesundheit zu tun!<\/p>\n<p>Also, zuerst lies mal bitte diesen Artikel von mir:<\/p>\n<p><a href=\"https:\/\/www.yamedo.de\/muedigkeit-erschoepfung\/\" target=\"_blank\" rel=\"noopener\">Chronisch M\u00fcde und abgeschlagen? Schlapp und ersch\u00f6pft? M\u00fcdigkeit &#8211; Ersch\u00f6pfung und Burn Out bestimmen den Alltag?<\/a><\/p>\n<p>Denn es kommt darauf an, um welchen Ersch\u00f6pfungstyp es sich bei Dir handelt. Sonst bringen n\u00e4mlich auch die Sch\u00fcssler Salze nichts.<\/p>\n<p>Beste Gr\u00fc\u00dfe<\/p>\n<p><strong>\u00dcbrigens: Wenn Sie solche Informationen interessieren, dann fordern Sie unbedingt meinen kostenlosen Praxis-Newsletter dazu an:<\/strong><br \/>\n<script type=\"text\/javascript\" src=\"https:\/\/rene-graeber.de\/view_webform_v2.js?u=v9&#038;webforms_id=pDg4U\"><\/script><br \/>\n<strong>Vor allem wenn Sie f\u00fcr den Erhalt der Hom\u00f6opathie sind, sollten Sie sich unbedingt dazu eintragen, denn die &#8222;Politik&#8220; und etablierte Medizinerschaft ist bestrebt die Hom\u00f6opathie zu verbieten und \/ oder abzuschaffen!<\/strong><\/p>\n<p>Beitragsbild: pixabay.com &#8211; geralt<\/p>\n","protected":false},"excerpt":{"rendered":"<p>Eine Frage einer Leistungssportlerin zum Thema M\u00fcdigkeit &#8211; Ersch\u00f6pfung und Sch\u00fcssler Salze: Sehr geehrter Herr Gr\u00e4ber, vor Kurzem bin ich durch eine Freundin auf die Sch\u00fcssler Salze aufmerksam geworden. Ich bin eine Leistungssportlerin, Biathletin um genau zu sein, trainiere im Jahr ca. 500 Stunden und bin jetzt in der Hochsaison leider ziemlich m\u00fcde und antriebslos, [&hellip;]<\/p>\n","protected":false},"author":1,"featured_media":2801,"comment_status":"open","ping_status":"open","sticky":false,"template":"","format":"standard","meta":{"footnotes":""},"categories":[9],"tags":[263,185],"class_list":["post-21","post","type-post","status-publish","format-standard","has-post-thumbnail","hentry","category-beschwerden-und-krankheiten","tag-muedigkeit","tag-schuessler-salze"],"_links":{"self":[{"href":"https:\/\/www.gesund-heilfasten.de\/blog\/wp-json\/wp\/v2\/posts\/21","targetHints":{"allow":["GET"]}}],"collection":[{"href":"https:\/\/www.gesund-heilfasten.de\/blog\/wp-json\/wp\/v2\/posts"}],"about":[{"href":"https:\/\/www.gesund-heilfasten.de\/blog\/wp-json\/wp\/v2\/types\/post"}],"author":[{"embeddable":true,"href":"https:\/\/www.gesund-heilfasten.de\/blog\/wp-json\/wp\/v2\/users\/1"}],"replies":[{"embeddable":true,"href":"https:\/\/www.gesund-heilfasten.de\/blog\/wp-json\/wp\/v2\/comments?post=21"}],"version-history":[{"count":6,"href":"https:\/\/www.gesund-heilfasten.de\/blog\/wp-json\/wp\/v2\/posts\/21\/revisions"}],"predecessor-version":[{"id":3735,"href":"https:\/\/www.gesund-heilfasten.de\/blog\/wp-json\/wp\/v2\/posts\/21\/revisions\/3735"}],"wp:featuredmedia":[{"embeddable":true,"href":"https:\/\/www.gesund-heilfasten.de\/blog\/wp-json\/wp\/v2\/media\/2801"}],"wp:attachment":[{"href":"https:\/\/www.gesund-heilfasten.de\/blog\/wp-json\/wp\/v2\/media?parent=21"}],"wp:term":[{"taxonomy":"category","embeddable":true,"href":"https:\/\/www.gesund-heilfasten.de\/blog\/wp-json\/wp\/v2\/categories?post=21"},{"taxonomy":"post_tag","embeddable":true,"href":"https:\/\/www.gesund-heilfasten.de\/blog\/wp-json\/wp\/v2\/tags?post=21"}],"curies":[{"name":"wp","href":"https:\/\/api.w.org\/{rel}","templated":true}]}}