{"id":2303,"date":"2022-03-20T10:26:29","date_gmt":"2022-03-20T09:26:29","guid":{"rendered":"https:\/\/www.gesund-heilfasten.de\/blog\/?p=2303"},"modified":"2023-12-13T19:17:57","modified_gmt":"2023-12-13T18:17:57","slug":"meerestieren-plastikverseucht","status":"publish","type":"post","link":"https:\/\/www.gesund-heilfasten.de\/blog\/meerestieren-plastikverseucht\/","title":{"rendered":"Wissenschaftler untersuchen f\u00fcnf Arten von Meerestieren: 100% sind mit Plastik \u201everseucht\u201c"},"content":{"rendered":"<p>Weggeworfene Plastik-Teile landen zu einem Gro\u00dfteil in den Ozeanen. Dort bedroht der M\u00fcll viele Meerestiere wie beispielsweise Schildkr\u00f6ten. Die Reptilien verwechseln Kunststofft\u00fcten mit Quallen, von denen sie sich ern\u00e4hren und verenden, wenn sie die Einmalverpackungen verschlingen.<\/p>\n<p>Doch auch auf den Menschen f\u00e4llt die Plastik-Verunreinigung der Meere zur\u00fcck. Die umher schwimmenden Teile werden von der Wasserbewegung zu kleinsten Partikeln zerrieben. Dieses mit dem blo\u00dfen Auge nicht sichtbare Mikroplastik ger\u00e4t in die Nahrungskette, wo es sich in Richtung auf die Spitzen-Pr\u00e4datoren akkumuliert.<\/p>\n<p>Eine australische Studie belegte im Jahr 2020 die mittlerweile allumfassende Verseuchung der Meeresfr\u00fcchte. Das ist das Ergebnis einer Doktor-Arbeit an der Universit\u00e4t Queensland. Francisca Ribeiros Ziel war es, die Bestimmung von Nanoplastik in Fisch, Muscheln, Kopff\u00fc\u00dflern und Krebstieren zu optimieren.<\/p>\n<p><!--more--><\/p>\n<h2>30 Milligramm Plastik in einer Portion Sardinen<\/h2>\n<p>Das Resultat war erschreckend, weil keine einzige Probe frei von Kunststoffen war. Die Menge des Plastiks und die Art der Kunststoffe unterschied sich allerdings zwischen den 5 untersuchten Spezies. Am h\u00f6chsten war die Verseuchung in Sardinen mit 0,3 Milligramm pro Gramm Frischgewicht.<\/p>\n<p>Die Fische enthielten \u00fcberwiegend Polyethylen, das gr\u00f6\u00dftenteils f\u00fcr Verpackungen verwendet wird. Dieser Kunststoff kann aber auch \u00fcber die Verarbeitungswege des Fisch-Produktes in das Fleisch der Tiere gelangen. Dadurch k\u00f6nnten die hohen Werte erkl\u00e4rt werden, obwohl auch die Aufnahme der Partikel im Meer infrage kommt. Welcher Faktor hier die Hauptrolle spielt, kann die Wissenschaftlerin nicht bestimmen.<\/p>\n<p>Auch bei anderen Proben kann die Herkunft des Kunststoffes nicht gekl\u00e4rt werden. Doch die Kontamination \u00fcber das Meereswasser ist dort wahrscheinlicher, wo Polyvinylchlorid (PVC) den Hauptanteil bildet. Dieser Kunststoff wird eher f\u00fcr die Herstellung langlebiger Konsumprodukte eingesetzt, die ebenfalls unbedacht \u00fcber den Abfall entsorgt werden.<\/p>\n<p>Laut der Untersuchung hatte sich PVC besonders in Austern angereichert. In den Weichtieren wurden Werte von 0,01 Milligramm pro Gramm Frischgewicht ermittelt. In diesem Bereich lag die Plastikverseuchung auch bei Kalmaren und Garnelen. Krabben enthielten dagegen 0,03 Milligramm pro Gramm Frischfleisch. Die Konsequenzen f\u00fcr den Menschen sind derzeit noch nicht abzusch\u00e4tzen. M\u00f6glicherweise kann das Mikroplastik nach Ansicht von Wissenschaftlern Krebs verursachen.<\/p>\n<h2>Wir produzieren zu viel Kunststoff<\/h2>\n<p>Die Studie legt nahe, dass praktisch alle Meeresfr\u00fcchte inzwischen mit Plastik verunreinigt sind. Zwar ist die Untersuchung nicht repr\u00e4sentativ f\u00fcr alle Meeresgebiete, doch die Tatsache, dass jede Probe verschmutzt war, spricht f\u00fcr ein globales Problem.<\/p>\n<p>Nicht nur das Meer ist mit Plastik durchsetzt, sondern auch abgelegene Regionen wie das Hochgebirge, die Pole und der 11 km tiefe Marianengraben im Pazifik. Die australischen Wissenschaftler pl\u00e4dieren f\u00fcr eine drastische Reduktion von Einmalverpackungen, die bei der Meeresverschmutzung die gr\u00f6\u00dfte Rolle spielen.<\/p>\n<p><strong>\u00dcbrigens: Wenn Sie solche Informationen interessieren, dann fordern Sie unbedingt meinen kostenlosen Praxis-Newsletter &#8222;Unabh\u00e4ngig. Nat\u00fcrlich. Klare Kante.&#8220; dazu an:<\/strong><br \/>\n<script type=\"text\/javascript\" src=\"https:\/\/rene-graeber.de\/view_webform_v2.js?u=v9&#038;webforms_id=pL1KE\"><\/script><\/p>\n<p>Beitragsbild: fotolia.com &#8211; GraphicHead<br \/>\nDer Beitrag wurde im Jahr 2020 erstmals ver\u00f6ffentlicht und im M\u00e4rz 2022 gepr\u00fcft.<\/p>\n","protected":false},"excerpt":{"rendered":"<p>Weggeworfene Plastik-Teile landen zu einem Gro\u00dfteil in den Ozeanen. Dort bedroht der M\u00fcll viele Meerestiere wie beispielsweise Schildkr\u00f6ten. Die Reptilien verwechseln Kunststofft\u00fcten mit Quallen, von denen sie sich ern\u00e4hren und verenden, wenn sie die Einmalverpackungen verschlingen. Doch auch auf den Menschen f\u00e4llt die Plastik-Verunreinigung der Meere zur\u00fcck. Die umher schwimmenden Teile werden von der Wasserbewegung [&hellip;]<\/p>\n","protected":false},"author":1,"featured_media":2305,"comment_status":"open","ping_status":"closed","sticky":false,"template":"","format":"standard","meta":{"footnotes":""},"categories":[20],"tags":[223,191],"class_list":["post-2303","post","type-post","status-publish","format-standard","has-post-thumbnail","hentry","category-ernaehrung","tag-meeresfruechte","tag-plastik"],"_links":{"self":[{"href":"https:\/\/www.gesund-heilfasten.de\/blog\/wp-json\/wp\/v2\/posts\/2303","targetHints":{"allow":["GET"]}}],"collection":[{"href":"https:\/\/www.gesund-heilfasten.de\/blog\/wp-json\/wp\/v2\/posts"}],"about":[{"href":"https:\/\/www.gesund-heilfasten.de\/blog\/wp-json\/wp\/v2\/types\/post"}],"author":[{"embeddable":true,"href":"https:\/\/www.gesund-heilfasten.de\/blog\/wp-json\/wp\/v2\/users\/1"}],"replies":[{"embeddable":true,"href":"https:\/\/www.gesund-heilfasten.de\/blog\/wp-json\/wp\/v2\/comments?post=2303"}],"version-history":[{"count":6,"href":"https:\/\/www.gesund-heilfasten.de\/blog\/wp-json\/wp\/v2\/posts\/2303\/revisions"}],"predecessor-version":[{"id":3176,"href":"https:\/\/www.gesund-heilfasten.de\/blog\/wp-json\/wp\/v2\/posts\/2303\/revisions\/3176"}],"wp:featuredmedia":[{"embeddable":true,"href":"https:\/\/www.gesund-heilfasten.de\/blog\/wp-json\/wp\/v2\/media\/2305"}],"wp:attachment":[{"href":"https:\/\/www.gesund-heilfasten.de\/blog\/wp-json\/wp\/v2\/media?parent=2303"}],"wp:term":[{"taxonomy":"category","embeddable":true,"href":"https:\/\/www.gesund-heilfasten.de\/blog\/wp-json\/wp\/v2\/categories?post=2303"},{"taxonomy":"post_tag","embeddable":true,"href":"https:\/\/www.gesund-heilfasten.de\/blog\/wp-json\/wp\/v2\/tags?post=2303"}],"curies":[{"name":"wp","href":"https:\/\/api.w.org\/{rel}","templated":true}]}}