{"id":2419,"date":"2021-12-16T11:35:20","date_gmt":"2021-12-16T10:35:20","guid":{"rendered":"https:\/\/www.gesund-heilfasten.de\/blog\/?p=2419"},"modified":"2023-12-13T19:23:10","modified_gmt":"2023-12-13T18:23:10","slug":"mineraloel-im-essen","status":"publish","type":"post","link":"https:\/\/www.gesund-heilfasten.de\/blog\/mineraloel-im-essen\/","title":{"rendered":"Giftiges Mineral\u00f6l im Essen"},"content":{"rendered":"<h2>Giftiges Mineral\u00f6l im Essen?<\/h2>\n<p>Dieser Frage ist die Verbraucherorganisation Foodwatch nachgegangen und fand Mineral\u00f6le zum Beispiel in Br\u00fchw\u00fcrfeln oder Nuss-Nugat-Cremes. Dass es auch reichlich im K\u00e4se und in unserer Schokolade vorhanden ist, dar\u00fcber hatte ich ja schon 2019 und 2016 berichtet.<\/p>\n<ul>\n<li><a href=\"https:\/\/www.gesund-heilfasten.de\/blog\/parmesan-im-oekotest\/\">https:\/\/www.gesund-heilfasten.de\/blog\/parmesan-im-oekotest\/<\/a><\/li>\n<li><a href=\"https:\/\/www.yamedo.de\/blog\/maschinenoel-in-schokolade\/\" target=\"_blank\" rel=\"noopener\">https:\/\/www.yamedo.de\/blog\/maschinenoel-in-schokolade\/<\/a><\/li>\n<\/ul>\n<p>Daraus resultiert jedenfalls zu Recht die Forderung nach verbindlichen EU-weiten Grenzwerten.<\/p>\n<p><!--more--><\/p>\n<p>Im Rahmen der relativ aktuellen Untersuchung wurden insgesamt 152 Produkte aus den L\u00e4ndern Frankreich, Belgien, Niederlande, Deutschland und \u00d6sterreich durch zwei Labore untersucht. Im Ergebnis enthielten 12,5 Prozent, n\u00e4mlich 19 Produkte, R\u00fcckst\u00e4nde von Mineral\u00f6l. In Deutschland sind davon betroffen:<\/p>\n<ul>\n<li>Nutella von Ferrero<\/li>\n<li>Nusspli Nuss-Nougat-Creme von Zentis<\/li>\n<li>Br\u00fchw\u00fcrfel von Knorr<\/li>\n<li>Bratensauce ebenfalls von Knorr<\/li>\n<\/ul>\n<p>Foodwatch fordert den sofortigen R\u00fcckruf dieser Produkte. In einem belgischen Bio-Nuss-Nougat-Aufstrich wurde eine eher noch geringe Kontamination von 0,63 mg\/kg gemessen, der deutsche Bratensaft von Knorr konnte daf\u00fcr gleich mit 82 mg\/kg aufwarten. Auch die Knorr-Bouillonw\u00fcrfel von Unilever stachen mit einer starken MOAH-Kontamination hervor.<\/p>\n<p>Mit <strong>MOSH<\/strong> und <strong>MOAH<\/strong> werden zwei Gruppen von Verbindungen bezeichnet, die in Mineral\u00f6l enthalten sind. Dabei stehen MOSH f\u00fcr \u201eMineral Oil Saturated Hydrocarbons\u201c, was als ges\u00e4ttigte Mineral\u00f6lkohlenwasserstoffe \u00fcbersetzt werden kann, und MOAH f\u00fcr \u201eMineral Oil Aromatic Hydrocarbons\u201c, also aromatische Mineral\u00f6lkohlenwasserstoffe.<\/p>\n<h2>Krebserregend und\/oder erbgutsch\u00e4digend<\/h2>\n<p>Die aromatischen Mineral\u00f6lkohlenwasserstoffe (MOAH) sind sehr wahrscheinlich krebserregend. Dar\u00fcber hinaus k\u00f6nnen sie auch noch das Erbgut sch\u00e4digen. Grund genug daf\u00fcr, dass sie in Lebensmitteln nichts zu suchen haben, meine ich jedenfalls. Als Ursache f\u00fcr diese Verunreinigungen kommen die Erntemaschinen, die Art und Weise der Verarbeitung, aber auch die Verpackung infrage. Bei Verpackungen aus Altpapier sind es zum Beispiel die Reste von Druckfarben, die in die Lebensmittel diffundieren.<\/p>\n<p>Dass es noch immer keine verbindlichen Grenzwerte bei solchen Stoffen gibt, ist klar als Politikversagen zu werten. Bleibt zu hoffen, dass der neue Bundesern\u00e4hrungsminister Cem \u00d6zdemir diesem Problem die geb\u00fchrende Beachtung schenkt. Das war nun schon das dritte Mal, dass Foodwatch auf der Grundlage von Labortests MOAH-belastete Produkte in unseren Superm\u00e4rkten nachgewiesen hat.<\/p>\n<p>Auf eine entsprechende Anfrage von ntv.de nahm Unilever wie folgt Stellung:<\/p>\n<p>\u201e<em>Wir nehmen die Ergebnisse sehr ernst und pr\u00fcfen diese intern (&#8230;) Die gesamte Verpackungs- und Lebensmittelindustrie arbeitet in engem Kontakt mit Wissenschaft und Beh\u00f6rden intensiv an einer L\u00f6sung. Als Unternehmen \u00fcberpr\u00fcfen wir unsere gesamte Lieferkette auf m\u00f6gliche Eintrittswege und arbeiten an L\u00f6sungsm\u00f6glichkeiten, um eventuelle \u00dcberg\u00e4nge in Lebensmittel zu minimieren. Dies kann beispielsweise durch Ver\u00e4nderungen in der Logistik oder spezielle Sperrschichten in der Verpackung geschehen.<\/em>\u201c<\/p>\n<p><strong>\u00dcbrigens: Wenn Sie solche Informationen interessieren, dann fordern Sie unbedingt meinen Praxis-Newsletter mit den &#8222;5 Wundermitteln&#8220; an:<\/strong><br \/>\n<script type=\"text\/javascript\" src=\"https:\/\/rene-graeber.de\/view_webform_v2.js?u=v9&#038;webforms_id=pD2TS\"><\/script><\/p>\n<p>Kleine Anmerkung: Die Sache mit den &#8222;5 Wundermitteln&#8220; ist mit Abstand der beliebteste Newsletter, den meine Patienten gerne lesen&#8230;<\/p>\n<p>Beitragsbild: 123rf.com &#8211; Alexander Raths<\/p>\n","protected":false},"excerpt":{"rendered":"<p>Giftiges Mineral\u00f6l im Essen? Dieser Frage ist die Verbraucherorganisation Foodwatch nachgegangen und fand Mineral\u00f6le zum Beispiel in Br\u00fchw\u00fcrfeln oder Nuss-Nugat-Cremes. Dass es auch reichlich im K\u00e4se und in unserer Schokolade vorhanden ist, dar\u00fcber hatte ich ja schon 2019 und 2016 berichtet. https:\/\/www.gesund-heilfasten.de\/blog\/parmesan-im-oekotest\/ https:\/\/www.yamedo.de\/blog\/maschinenoel-in-schokolade\/ Daraus resultiert jedenfalls zu Recht die Forderung nach verbindlichen EU-weiten Grenzwerten.<\/p>\n","protected":false},"author":1,"featured_media":2421,"comment_status":"open","ping_status":"closed","sticky":false,"template":"","format":"standard","meta":{"footnotes":""},"categories":[1,20],"tags":[280],"class_list":["post-2419","post","type-post","status-publish","format-standard","has-post-thumbnail","hentry","category-allgemein","category-ernaehrung","tag-mineraloel"],"_links":{"self":[{"href":"https:\/\/www.gesund-heilfasten.de\/blog\/wp-json\/wp\/v2\/posts\/2419","targetHints":{"allow":["GET"]}}],"collection":[{"href":"https:\/\/www.gesund-heilfasten.de\/blog\/wp-json\/wp\/v2\/posts"}],"about":[{"href":"https:\/\/www.gesund-heilfasten.de\/blog\/wp-json\/wp\/v2\/types\/post"}],"author":[{"embeddable":true,"href":"https:\/\/www.gesund-heilfasten.de\/blog\/wp-json\/wp\/v2\/users\/1"}],"replies":[{"embeddable":true,"href":"https:\/\/www.gesund-heilfasten.de\/blog\/wp-json\/wp\/v2\/comments?post=2419"}],"version-history":[{"count":6,"href":"https:\/\/www.gesund-heilfasten.de\/blog\/wp-json\/wp\/v2\/posts\/2419\/revisions"}],"predecessor-version":[{"id":3181,"href":"https:\/\/www.gesund-heilfasten.de\/blog\/wp-json\/wp\/v2\/posts\/2419\/revisions\/3181"}],"wp:featuredmedia":[{"embeddable":true,"href":"https:\/\/www.gesund-heilfasten.de\/blog\/wp-json\/wp\/v2\/media\/2421"}],"wp:attachment":[{"href":"https:\/\/www.gesund-heilfasten.de\/blog\/wp-json\/wp\/v2\/media?parent=2419"}],"wp:term":[{"taxonomy":"category","embeddable":true,"href":"https:\/\/www.gesund-heilfasten.de\/blog\/wp-json\/wp\/v2\/categories?post=2419"},{"taxonomy":"post_tag","embeddable":true,"href":"https:\/\/www.gesund-heilfasten.de\/blog\/wp-json\/wp\/v2\/tags?post=2419"}],"curies":[{"name":"wp","href":"https:\/\/api.w.org\/{rel}","templated":true}]}}