{"id":2428,"date":"2021-12-24T07:21:58","date_gmt":"2021-12-24T06:21:58","guid":{"rendered":"https:\/\/www.gesund-heilfasten.de\/blog\/?p=2428"},"modified":"2023-12-13T19:20:33","modified_gmt":"2023-12-13T18:20:33","slug":"giftiges-obst","status":"publish","type":"post","link":"https:\/\/www.gesund-heilfasten.de\/blog\/giftiges-obst\/","title":{"rendered":"Mit dem Obst kriegen wir unser exportiertes Gift zur\u00fcck"},"content":{"rendered":"<p>Neonikotinoide sind hochgradig giftig und sehr wahrscheinlich mit verantwortlich f\u00fcr das Insektensterben. Dennoch exportieren wir solche Stoffe. Dort, wo sie dann verwendet werden, gelangen sie in die Nahrungsketten. Am Ende finden sie sich in Lebensmitteln, die bei uns eingef\u00fchrt werden, denn alles h\u00e4ngt mit allem zusammen. Dieser Planet ist ein geschlossenes System.<\/p>\n<p><!--more--><\/p>\n<p>Zu den gef\u00e4hrlichsten Pestiziden \u00fcberhaupt geh\u00f6ren Neonikotinoide. Als dies endlich eingesehen wurde, wurde ihre Verwendung im Jahre 2013 EU-weit verboten. Als \u201eernste Bedrohung f\u00fcr die weltweite Ern\u00e4hrungssicherheit\u201c wurde der so deutliche R\u00fcckgang der Best\u00e4uber-Insekten durch die Ern\u00e4hrungs- und Landwirtschaftsorganisation der UN eingestuft.<\/p>\n<p>Ungeachtet dessen gelangen die folgenden Giftstoffe weiterhin nahezu ungebremst in die Umwelt, wenngleich nicht mehr in Europa:<\/p>\n<ul>\n<li>Syngenta: 3.426 t Thiametoxam-Produkten<\/li>\n<li>Bayer: 137,5 t Imidacloprid- und Clothianidin-Produkten<\/li>\n<li>BASF: 95,5 t einer Clothianidin-Zubereitung<\/li>\n<\/ul>\n<p>Zu diesem Ergebnis kamen unabh\u00e4ngig voneinander die britische Recherchegruppe \u201eUnearthed\u201c, die Greenpeace angeh\u00f6rt, und die Schweizer Nichtregierungsorganisation \u201ePublic Eye\u201c.<\/p>\n<p>S\u00e4mtliche Exporte, die diese Mittel enthalten, m\u00fcssen seit September 2020 gem\u00e4\u00df internationalen Richtlinien angemeldet werden. Schaut man etwas genauer auf die Exportpapiere, wird schnell klar: Diese Stoffe sind nach wie vor Verkaufsschlager vor allem in<\/p>\n<ul>\n<li>Brasilien und Argentinien<\/li>\n<li>Russland und Ukraine<\/li>\n<li>Iran<\/li>\n<\/ul>\n<p>Fast 300 solcher Exportgenehmigungen f\u00fcr knapp 4.000 Tonnen wurden von europ\u00e4ischen Beh\u00f6rden allein im Zeitraum September bis Dezember 2020 erteilt. Mit dieser Menge k\u00f6nnte man die gesamte franz\u00f6sische Agrarfl\u00e4che komplett \u201ezuspritzen\u201c.<\/p>\n<p>Doch die Toxine dieser Welt lassen sich nicht in ferne L\u00e4nder aussperren, denn sie wollen unbedingt wieder \u201ezur\u00fcck nach Hause\u201c. Dazu verwenden sie das Vehikel der Agrarimporte nach Europa. So verstecken sie sich im Mais, in Soja, in den Mangos und Avocados. Dabei bildet der Bayer-Wirkstoff Imidacloprid Stoffwechselprodukte (Metabolite), die es eben nicht nur auf Insekten-Nerven abgesehen haben. Besonders kritisch werden hierbei die Folgen f\u00fcr die Gehirnentwicklung von Ungeborenen und Neugeborenen bewertet.<\/p>\n<p>Der Bayer-Sprecher Alexander Hennig verwies indes auf die durch die EU genehmigte Notfallzulassung f\u00fcr Zuckerr\u00fcbenanbau in 2021. Ohne Neonikotinoide w\u00e4re es zu gro\u00dfen Ernteverlusten gekommen, so seine Ausrede. Das zust\u00e4ndige \u201eBundesamt f\u00fcr Verbraucherschutz und Lebensmittelsicherheit\u201c (BVL) hat inzwischen die beantragte R\u00fcbenanbau-Notfallzulassung f\u00fcr 2022 zur\u00fcckgewiesen. Hoffen wir, dass es dabei bleibt.<\/p>\n<p>Die Bundesregierung betonte in der Sache, dass aus juristischer Sicht immer die Gesetze in den Empf\u00e4ngerl\u00e4ndern entscheidend sind. Zumindest Frankreich geht einen Schritt voran und will ab 2022 die Exporte verbotener Pestizide untersagen.<\/p>\n<p><strong>\u00dcbrigens: Wenn Sie solche Informationen interessieren, dann fordern Sie unbedingt meinen Praxis-Newsletter mit den &#8222;5 Wundermitteln&#8220; an:<\/strong><br \/>\n<script type=\"text\/javascript\" src=\"https:\/\/rene-graeber.de\/view_webform_v2.js?u=v9&#038;webforms_id=pD2TS\"><\/script><\/p>\n<p>Kleine Anmerkung: Die Sache mit den &#8222;5 Wundermitteln&#8220; ist mit Abstand der beliebteste Newsletter, den meine Patienten gerne lesen&#8230;<\/p>\n<p>Beitragsbild: 123rf.com &#8211; Baiba Opule<\/p>\n","protected":false},"excerpt":{"rendered":"<p>Neonikotinoide sind hochgradig giftig und sehr wahrscheinlich mit verantwortlich f\u00fcr das Insektensterben. Dennoch exportieren wir solche Stoffe. Dort, wo sie dann verwendet werden, gelangen sie in die Nahrungsketten. Am Ende finden sie sich in Lebensmitteln, die bei uns eingef\u00fchrt werden, denn alles h\u00e4ngt mit allem zusammen. Dieser Planet ist ein geschlossenes System.<\/p>\n","protected":false},"author":1,"featured_media":2430,"comment_status":"open","ping_status":"closed","sticky":false,"template":"","format":"standard","meta":{"footnotes":""},"categories":[20],"tags":[237,188],"class_list":["post-2428","post","type-post","status-publish","format-standard","has-post-thumbnail","hentry","category-ernaehrung","tag-gift","tag-obst"],"_links":{"self":[{"href":"https:\/\/www.gesund-heilfasten.de\/blog\/wp-json\/wp\/v2\/posts\/2428","targetHints":{"allow":["GET"]}}],"collection":[{"href":"https:\/\/www.gesund-heilfasten.de\/blog\/wp-json\/wp\/v2\/posts"}],"about":[{"href":"https:\/\/www.gesund-heilfasten.de\/blog\/wp-json\/wp\/v2\/types\/post"}],"author":[{"embeddable":true,"href":"https:\/\/www.gesund-heilfasten.de\/blog\/wp-json\/wp\/v2\/users\/1"}],"replies":[{"embeddable":true,"href":"https:\/\/www.gesund-heilfasten.de\/blog\/wp-json\/wp\/v2\/comments?post=2428"}],"version-history":[{"count":3,"href":"https:\/\/www.gesund-heilfasten.de\/blog\/wp-json\/wp\/v2\/posts\/2428\/revisions"}],"predecessor-version":[{"id":3179,"href":"https:\/\/www.gesund-heilfasten.de\/blog\/wp-json\/wp\/v2\/posts\/2428\/revisions\/3179"}],"wp:featuredmedia":[{"embeddable":true,"href":"https:\/\/www.gesund-heilfasten.de\/blog\/wp-json\/wp\/v2\/media\/2430"}],"wp:attachment":[{"href":"https:\/\/www.gesund-heilfasten.de\/blog\/wp-json\/wp\/v2\/media?parent=2428"}],"wp:term":[{"taxonomy":"category","embeddable":true,"href":"https:\/\/www.gesund-heilfasten.de\/blog\/wp-json\/wp\/v2\/categories?post=2428"},{"taxonomy":"post_tag","embeddable":true,"href":"https:\/\/www.gesund-heilfasten.de\/blog\/wp-json\/wp\/v2\/tags?post=2428"}],"curies":[{"name":"wp","href":"https:\/\/api.w.org\/{rel}","templated":true}]}}