{"id":2449,"date":"2022-02-24T21:11:18","date_gmt":"2022-02-24T20:11:18","guid":{"rendered":"https:\/\/www.gesund-heilfasten.de\/blog\/?p=2449"},"modified":"2022-09-29T20:38:49","modified_gmt":"2022-09-29T19:38:49","slug":"nutella-mit-krebserregenden-inhaltsstoffen","status":"publish","type":"post","link":"https:\/\/www.gesund-heilfasten.de\/blog\/nutella-mit-krebserregenden-inhaltsstoffen\/","title":{"rendered":"Nutella mit krebserregenden Inhaltsstoffen?"},"content":{"rendered":"<p>Mitte Dezember 2021 erschien im \u201eMerkur.de\u201c ein bemerkenswerter Beitrag, der sich auf eine Untersuchung von \u201eFoodwatch\u201c bezog. Denn diese Organisation hatte feststellen m\u00fcssen, dass \u201e<em>jedes 8. Produkt mit Mineral\u00f6l belastet ist<\/em>\u201c (<a href=\"http:\/\/www.merkur.de\/verbraucher\/nutella-lebensmittel-krebs-erbgut-foodwatch-produkte-labortests-knorr-91170962.html\" target=\"_blank\" rel=\"noopener\">merkur.de\/verbraucher\/nutella-lebensmittel-krebs-erbgut-foodwatch-produkte-labortests-knorr-91170962.html<\/a>).<\/p>\n<p><!--more--><\/p>\n<p>\u201eFoodwatch\u201c hatte 152 Lebensmittel aus verschiedenen europ\u00e4ischen L\u00e4ndern getestet und dabei herausgefunden, dass jedes 8. Produkt mit MOAH, einem aromatischen Mineral\u00f6l, belastet ist. MOAH steht im Verdacht, Krebs zu f\u00f6rdern und das Erbgut zu ver\u00e4ndern. Da es offensichtlich f\u00fcr alles Grenzwerte zu geben scheint, nur nicht f\u00fcr wirklich bedenkliche Substanzen, wie MOAH, fordert \u201eFoodwatch\u201c jetzt das Bundesern\u00e4hrungsministerium und die EU-Kommission auf, f\u00fcr MOAH einen Grenzwert aufzustellen beziehungsweise den Inhalt dieser Stoffe g\u00e4nzlich zu verbieten.<\/p>\n<h2>Welche bekannten Produkte sind betroffen?<\/h2>\n<p>Der Beitrag ver\u00f6ffentlichte eine kleine Liste mit nicht gerade unbekannten Produkten:<\/p>\n<p><a href=\"https:\/\/www.gesund-heilfasten.de\/blog\/wp-content\/uploads\/2022\/02\/Bild_2022-02-24_211347.png\"><img decoding=\"async\" class=\"aligncenter wp-image-2452 size-full\" src=\"https:\/\/www.gesund-heilfasten.de\/blog\/wp-content\/uploads\/2022\/02\/Bild_2022-02-24_211347.png\" alt=\"\" width=\"511\" height=\"522\" srcset=\"https:\/\/www.gesund-heilfasten.de\/blog\/wp-content\/uploads\/2022\/02\/Bild_2022-02-24_211347.png 511w, https:\/\/www.gesund-heilfasten.de\/blog\/wp-content\/uploads\/2022\/02\/Bild_2022-02-24_211347-294x300.png 294w\" sizes=\"(max-width: 511px) 100vw, 511px\" \/><\/a><\/p>\n<p>Zus\u00e4tzlich zu MOAH werden noch die MOSH-Werte ausgegeben. Hierbei handelt es sich um ges\u00e4ttigte Mineral\u00f6l-Kohlenwasserstoffe, die ebenfalls im Verdacht stehen, mutagen und kanzerogen zu sein. Da es sich bei beiden Substanzen um lipophile Substanzen handelt, reichern sich diese im Fettgewebe des K\u00f6rpers an.<\/p>\n<p>Als Gr\u00fcnde f\u00fcr die Verunreinigung\/Belastung mit diesen kritischen Substanzen gibt der \u201eMerkur.de\u201c an, dass hier Maschinen bei der Verarbeitung oder bei der Ernte diese Substanzen ins Endprodukt abgegeben haben k\u00f6nnten. Aber auch Verpackungen aus Altpapier k\u00f6nnen MOAH und MOSH enthalten. Hier ist es die Druckerfarbe, die oft Mineral\u00f6l enth\u00e4lt und auf den Inhalt der Verpackung \u00fcbergeht.<\/p>\n<h2>Fazit<\/h2>\n<p>Es ist interessant und \u00fcberraschend zu sehen, dass ein Vertreter der Altmedien dieses brisante Thema zum gegenw\u00e4rtigen Zeitpunkt aufgreift und thematisiert. Interessant ist auch folgender Vorwurf vom \u201eMerkur.de\u201c:<\/p>\n<p style=\"padding-left: 40px;\"><em>\u201eEigentlich ist im EU-Lebensmittelrecht festgelegt, dass nichts auf den Markt kommt, das nicht sicher f\u00fcr die Menschen ist. In Deutschland hat sich die Lebensmittelindustrie gegen\u00fcber der Aufsichtsbeh\u00f6rde sogar verpflichtet, mehrere Produktkategorien an den Verbraucher weiterzugeben, die nicht mit Mineral\u00f6l belastet sind. Dennoch kommt es immer wieder zu Nachweisen des gef\u00e4hrlichen Stoffes.\u201c<\/em><\/p>\n<p>K\u00f6nnte diese Nachl\u00e4ssigkeit im Umgang mit der Sicherheit von Lebensmitteln die logische und konsequente Fortsetzung durch die europ\u00e4ischen Beh\u00f6rden sein, die wir Moment auch mit den bedingten Zulassungen der Corona-\u201eImpfungen\u201c erleben m\u00fcssen?<\/p>\n<p><strong>\u00dcbrigens: Wenn Sie solche Informationen interessieren, dann fordern Sie unbedingt meinen Praxis-Newsletter dazu an:<\/strong><br \/>\n<script type=\"text\/javascript\" src=\"https:\/\/rene-graeber.de\/view_webform_v2.js?u=v9&#038;webforms_id=pD2gv\"><\/script><\/p>\n<p>Dieser Beitrag wurde am 24.02.2022 erstellt.<\/p>\n<hr \/>\n<p>Meine Beitr\u00e4ge zu diesem Thema:<\/p>\n<ul>\n<li><a href=\"https:\/\/www.yamedo.de\/blog\/maschinenoel-in-schokolade\/\" target=\"_blank\" rel=\"noopener\">Maschinen\u00f6l in Schokolade &#8211; klingt unglaublich, scheint aber die Regel zu sein<\/a><\/li>\n<li><a href=\"https:\/\/www.yamedo.de\/blog\/lippenpflegestifte-potenziell-krebserregend-2015\/\" target=\"_blank\" rel=\"noopener\">Labello &amp; Co: Lippenpflegestifte mit potenziell krebserregenden Stoffen?<\/a><\/li>\n<li><a href=\"https:\/\/www.gesund-heilfasten.de\/blog\/parmesan-im-oekotest\/\">Parmesan im \u00d6kotest &#8211; Ergebnis: Mineral\u00f6l im K\u00e4se und leidende K\u00fche<\/a><\/li>\n<li><a href=\"https:\/\/www.gesund-heilfasten.de\/blog\/mineraloel-im-essen\/\">Giftiges Mineral\u00f6l im Essen<\/a><\/li>\n<\/ul>\n","protected":false},"excerpt":{"rendered":"<p>Mitte Dezember 2021 erschien im \u201eMerkur.de\u201c ein bemerkenswerter Beitrag, der sich auf eine Untersuchung von \u201eFoodwatch\u201c bezog. Denn diese Organisation hatte feststellen m\u00fcssen, dass \u201ejedes 8. Produkt mit Mineral\u00f6l belastet ist\u201c (merkur.de\/verbraucher\/nutella-lebensmittel-krebs-erbgut-foodwatch-produkte-labortests-knorr-91170962.html).<\/p>\n","protected":false},"author":1,"featured_media":2450,"comment_status":"open","ping_status":"closed","sticky":false,"template":"","format":"standard","meta":{"footnotes":""},"categories":[1],"tags":[51,240],"class_list":["post-2449","post","type-post","status-publish","format-standard","has-post-thumbnail","hentry","category-allgemein","tag-krebs","tag-nutella"],"_links":{"self":[{"href":"https:\/\/www.gesund-heilfasten.de\/blog\/wp-json\/wp\/v2\/posts\/2449","targetHints":{"allow":["GET"]}}],"collection":[{"href":"https:\/\/www.gesund-heilfasten.de\/blog\/wp-json\/wp\/v2\/posts"}],"about":[{"href":"https:\/\/www.gesund-heilfasten.de\/blog\/wp-json\/wp\/v2\/types\/post"}],"author":[{"embeddable":true,"href":"https:\/\/www.gesund-heilfasten.de\/blog\/wp-json\/wp\/v2\/users\/1"}],"replies":[{"embeddable":true,"href":"https:\/\/www.gesund-heilfasten.de\/blog\/wp-json\/wp\/v2\/comments?post=2449"}],"version-history":[{"count":2,"href":"https:\/\/www.gesund-heilfasten.de\/blog\/wp-json\/wp\/v2\/posts\/2449\/revisions"}],"predecessor-version":[{"id":2453,"href":"https:\/\/www.gesund-heilfasten.de\/blog\/wp-json\/wp\/v2\/posts\/2449\/revisions\/2453"}],"wp:featuredmedia":[{"embeddable":true,"href":"https:\/\/www.gesund-heilfasten.de\/blog\/wp-json\/wp\/v2\/media\/2450"}],"wp:attachment":[{"href":"https:\/\/www.gesund-heilfasten.de\/blog\/wp-json\/wp\/v2\/media?parent=2449"}],"wp:term":[{"taxonomy":"category","embeddable":true,"href":"https:\/\/www.gesund-heilfasten.de\/blog\/wp-json\/wp\/v2\/categories?post=2449"},{"taxonomy":"post_tag","embeddable":true,"href":"https:\/\/www.gesund-heilfasten.de\/blog\/wp-json\/wp\/v2\/tags?post=2449"}],"curies":[{"name":"wp","href":"https:\/\/api.w.org\/{rel}","templated":true}]}}