{"id":3444,"date":"2025-01-20T18:13:04","date_gmt":"2025-01-20T17:13:04","guid":{"rendered":"https:\/\/www.gesund-heilfasten.de\/blog\/?p=3444"},"modified":"2025-01-20T18:15:04","modified_gmt":"2025-01-20T17:15:04","slug":"strabag-chef-starb-ueberraschend-bei-fastenkur-grund-aneurysma","status":"publish","type":"post","link":"https:\/\/www.gesund-heilfasten.de\/blog\/strabag-chef-starb-ueberraschend-bei-fastenkur-grund-aneurysma\/","title":{"rendered":"&#8222;Strabag-Chef starb \u00fcberraschend bei Fastenkur&#8220; Grund: Aneurysma"},"content":{"rendered":"<p>Es l\u00e4uft gerade in den Nachrichten \/ Tagesmeldungen: &#8222;Strabag-Chef starb \u00fcberraschend bei Fastenkur: Aneurysma schleicht sich oft ohne Symptome an&#8220; (Frankfurter Rundschau).<\/p>\n<p>Das Problem: die Verbindung, die in der Berichterstattung zwischen der Fastenkur und dem Aneurysma suggeriert wird, ist aus meiner Sicht problematisch und verdient eine differenzierte Betrachtung.<\/p>\n<h3>Aneurysmen und ihre Ursachen<\/h3>\n<p>Ein Aneurysma ist eine Erweiterung der Arterienwand, die durch strukturelle Schw\u00e4chen in den Gef\u00e4\u00dfen entsteht. Solche Schw\u00e4chen k\u00f6nnen angeboren sein oder sich im Laufe des Lebens entwickeln. Risikofaktoren wie Bluthochdruck, Arteriosklerose, Rauchen, Diabetes oder eine genetische Veranlagung spielen hierbei eine zentrale Rolle. Ein Aneurysma ist in den meisten F\u00e4llen asymptomatisch (sprich: ohne Symptome) bleibt, bis es rei\u00dft. Ein solches Ereignis, das zu pl\u00f6tzlichen, oft t\u00f6dlichen Blutungen f\u00fchrt, ist selten vorhersehbar und noch seltener direkt auf einen einzigen Ausl\u00f6ser zur\u00fcckzuf\u00fchren.<\/p>\n<h3>Die Rolle von Fastenkuren<\/h3>\n<p>Fastenkuren sind eine jahrtausendealte Praxis, die in vielen Kulturen zur Regeneration und Reinigung von K\u00f6rper und Geist genutzt wird, dazu habe ich hier im Blog und auf der Webseite hinreichend berichtet &#8211; inklusive der vielf\u00e4ltigen Studienlage. Wissenschaftlich belegt sind zahlreiche positive Effekte des Fastens, darunter die <a href=\"https:\/\/www.gesund-heilfasten.de\/heilfasten-bluthochdruck\/\">Senkung von Bluthochdruck<\/a>, die <a href=\"https:\/\/www.gesund-heilfasten.de\/blog\/moderates-fasten-kann-diabetes-typ-2-heilen\/\">Verbesserung der Insulinsensitivit\u00e4t<\/a> und die <a href=\"https:\/\/www.gesund-heilfasten.de\/autophagozytose-entschlacken\/\">F\u00f6rderung autophagischer Prozesse<\/a> \u2013 der &#8222;zellul\u00e4ren Selbstreinigung&#8220;. Diese Vorteile k\u00f6nnen das Risiko f\u00fcr Herz-Kreislauf-Erkrankungen langfristig reduzieren.<\/p>\n<p>Es ist jedoch essenziell, Fasten unter professioneller Begleitung durchzuf\u00fchren, insbesondere bei Menschen mit bestehenden gesundheitlichen Problemen. Doch selbst in optimalen Bedingungen ist Fasten keine Allheilma\u00dfnahme und kann bestehende Risiken nicht ausschlie\u00dfen, wenn sie unbemerkt oder unbeeinflussbar sind.<\/p>\n<h3>Ein falscher Kausalzusammenhang<\/h3>\n<p>Die Erw\u00e4hnung der Fastenkur in Verbindung mit der Aneurysma-Blutung in der Berichterstattung k\u00f6nnte Leser zu der Annahme verleiten, dass das Fasten urs\u00e4chlich f\u00fcr das Platzen des Aneurysmas war. Dies ist eine f\u00fcr mich v\u00f6llig unbelegte Schlussfolgerung. Es gibt meines Wissens keinen wissenschaftlichen Nachweis daf\u00fcr, dass eine Fastenkur das Risiko f\u00fcr ein Aneurysma oder dessen Ruptur erh\u00f6ht. Im Gegenteil: Fasten hat in der Regel einen regulierenden Effekt auf den Blutdruck, der wiederum als ein entscheidender Faktor f\u00fcr die Stabilit\u00e4t der Gef\u00e4\u00dfe gilt.<\/p>\n<p>Selbstverst\u00e4ndlich bringt jede medizinische Intervention oder Lebensstil\u00e4nderung individuelle Reaktionen mit sich. Doch in diesem Fall scheint der tragische Verlauf eher das Ergebnis eines unvorhersehbaren, vorbestehenden Risikos zu sein als eine Folge der Fastenkur. Zudem wird in der Berichterstattung nicht darauf eingegangen ob der Strabag-Chef Medikamente bekam oder andere &#8222;medizinische Interventionen&#8220;, die verantwortlich sein k\u00f6nnten. Wahrscheinlich werden wir das nie erfahren.<\/p>\n<p>&#8222;Sensationelle \u00dcberschriften&#8220; oder &#8222;ungenaue Formulierungen&#8220; wie in diesem Fall\u00a0 k\u00f6nnen unbegr\u00fcndete \u00c4ngste sch\u00fcren und dazu f\u00fchren, dass etablierte und gesundheitlich f\u00f6rderliche Praktiken wie das Heilfasten zu Unrecht in ein negatives Licht ger\u00fcckt werden. das ist f\u00fcr mich nichts Neues, wie ich vor einigen Jahren bereits zeigte:<\/p>\n<ul>\n<li><a href=\"https:\/\/www.gesund-heilfasten.de\/blog\/heilfasten-macht-krank-und-tot-oder-tod-durch-fasten\/\">Heilfasten macht krank und tot&#8230; oder Tod durch Fasten?<\/a><\/li>\n<li><a href=\"https:\/\/www.gesund-heilfasten.de\/ist-fasten-gefaehrlich\/\">Ist Fasten gef\u00e4hrlich?<\/a><\/li>\n<\/ul>\n<p>Ich habe in \u00fcber 25 Jahren unz\u00e4hlige Menschen begleitet, die durch Fastenkuren nicht nur ihr k\u00f6rperliches Wohlbefinden, sondern auch ihre Lebensqualit\u00e4t nachhaltig verbessert haben. Es w\u00e4re fatal, wenn solche positiven Erfahrungen durch missverst\u00e4ndliche Darstellungen in den Hintergrund r\u00fccken.<\/p>\n<h3>Fazit<\/h3>\n<p>Der pl\u00f6tzliche Tod von Klemens Haselsteiner ist ein tragischer Verlust. Mein Beileid f\u00fcr die Hinterbliebenen.<\/p>\n<p>Fastenkuren, richtig angewandt, sind ein wertvolles Werkzeug f\u00fcr die Gesundheitsf\u00f6rderung. Sie ersetzen jedoch nicht die Notwendigkeit, individuelle Risiken abzukl\u00e4ren und Ernst zu nehmen. Dazu hatte ich hier etwas mehr geschrieben: <a href=\"https:\/\/www.gesund-heilfasten.de\/wer-darf-nicht-fasten\/\">Wer darf nicht fasten?<\/a><\/p>\n<p><strong>\u00dcbrigens: Wenn Sie solche Informationen interessieren, dann fordern Sie unbedingt meinen Heilfasten-Newsletter dazu an:<\/strong><br \/>\n<script type=\"text\/javascript\" src=\"https:\/\/rene-graeber.de\/view_webform_v2.js?u=v9&#038;webforms_id=poWoP\"><\/script><\/p>\n","protected":false},"excerpt":{"rendered":"<p>Es l\u00e4uft gerade in den Nachrichten \/ Tagesmeldungen: &#8222;Strabag-Chef starb \u00fcberraschend bei Fastenkur: Aneurysma schleicht sich oft ohne Symptome an&#8220; (Frankfurter Rundschau). Das Problem: die Verbindung, die in der Berichterstattung zwischen der Fastenkur und dem Aneurysma suggeriert wird, ist aus meiner Sicht problematisch und verdient eine differenzierte Betrachtung. Aneurysmen und ihre Ursachen Ein Aneurysma ist [&hellip;]<\/p>\n","protected":false},"author":13,"featured_media":3447,"comment_status":"open","ping_status":"closed","sticky":false,"template":"","format":"standard","meta":{"footnotes":""},"categories":[3],"tags":[298,23],"class_list":["post-3444","post","type-post","status-publish","format-standard","has-post-thumbnail","hentry","category-heilfasten-und-fasten","tag-aneurysma","tag-heilfasten"],"_links":{"self":[{"href":"https:\/\/www.gesund-heilfasten.de\/blog\/wp-json\/wp\/v2\/posts\/3444","targetHints":{"allow":["GET"]}}],"collection":[{"href":"https:\/\/www.gesund-heilfasten.de\/blog\/wp-json\/wp\/v2\/posts"}],"about":[{"href":"https:\/\/www.gesund-heilfasten.de\/blog\/wp-json\/wp\/v2\/types\/post"}],"author":[{"embeddable":true,"href":"https:\/\/www.gesund-heilfasten.de\/blog\/wp-json\/wp\/v2\/users\/13"}],"replies":[{"embeddable":true,"href":"https:\/\/www.gesund-heilfasten.de\/blog\/wp-json\/wp\/v2\/comments?post=3444"}],"version-history":[{"count":3,"href":"https:\/\/www.gesund-heilfasten.de\/blog\/wp-json\/wp\/v2\/posts\/3444\/revisions"}],"predecessor-version":[{"id":3448,"href":"https:\/\/www.gesund-heilfasten.de\/blog\/wp-json\/wp\/v2\/posts\/3444\/revisions\/3448"}],"wp:featuredmedia":[{"embeddable":true,"href":"https:\/\/www.gesund-heilfasten.de\/blog\/wp-json\/wp\/v2\/media\/3447"}],"wp:attachment":[{"href":"https:\/\/www.gesund-heilfasten.de\/blog\/wp-json\/wp\/v2\/media?parent=3444"}],"wp:term":[{"taxonomy":"category","embeddable":true,"href":"https:\/\/www.gesund-heilfasten.de\/blog\/wp-json\/wp\/v2\/categories?post=3444"},{"taxonomy":"post_tag","embeddable":true,"href":"https:\/\/www.gesund-heilfasten.de\/blog\/wp-json\/wp\/v2\/tags?post=3444"}],"curies":[{"name":"wp","href":"https:\/\/api.w.org\/{rel}","templated":true}]}}