{"id":690,"date":"2011-07-19T16:00:46","date_gmt":"2011-07-19T15:00:46","guid":{"rendered":"https:\/\/www.gesund-heilfasten.de\/blog\/?p=690"},"modified":"2023-12-09T14:46:44","modified_gmt":"2023-12-09T13:46:44","slug":"was-mandeln-darm-halswirbelsaeule-gemeinsam-haben","status":"publish","type":"post","link":"https:\/\/www.gesund-heilfasten.de\/blog\/was-mandeln-darm-halswirbelsaeule-gemeinsam-haben\/","title":{"rendered":"Was Ihre Mandeln, Ihr Darm und Ihre Halswirbels\u00e4ule gemeinsam haben\u2026"},"content":{"rendered":"<p>Auf den ersten Blick sind diese drei wichtigen Bereiche des K\u00f6rpers durch nichts miteinander verbunden.<\/p>\n<p>Der Gastrointestinaltrakt nimmt in der Immunabwehr eine wichtige Position ein, da er eindringende Pathogene (Krankmacher) \u00fcber den zu verarbeitenden Nahrungsbrei identifizieren und eliminieren muss. Der L\u00f6wenteil der Resorption vollzieht sich im D\u00fcnndarmbereich. Dieser ist daher ausreichend gro\u00df, um eine vollst\u00e4ndige Passage zu erm\u00f6glichen. So betr\u00e4gt seine Oberfl\u00e4che ca. 500 qm, w\u00e4hrend die Haut als gr\u00f6\u00dftes Organ des menschlichen Organismus nur 2 qm betr\u00e4gt.<\/p>\n<p><!--more--><\/p>\n<p>Die Lunge schneidet da deutlich besser ab mit ihren 100 qm. Aber nicht nur Quantit\u00e4t, sondern auch Qualit\u00e4t ist gefragt. Ohne eine florierende Darmmukosa (Schleimhautoberfl\u00e4che) und <a href=\"https:\/\/www.gesund-heilfasten.de\/bedeutung-der-darmflora\/\">Darmflora<\/a> ist keine effektive Resorption und Immunabwehr in diesem Bereich denkbar. F\u00fcr die immunologische Kompetenz dort ist in besonderem Ma\u00dfe das mukosagebundene Immunglobulin A (IgA) verantwortlich (Lesen Sie dazu auch meinen Artikel &#8222;<a href=\"https:\/\/www.gesund-heilfasten.de\/blog\/immunstaerkung-darm-immunsystem\/\">Immunst\u00e4rkung durch das Darm-Immunsystem<\/a>&#8222;).<\/p>\n<p>Bei einer gest\u00f6rten Darmmukosa ist es denkbar, dass eine eingeschr\u00e4nkte Immunleistung durch andere immunkompetente Organteile, wie die Tonsillen und Halslymphknoten kompensiert werden muss. Kinder, bei denen diese Symptomatik vorliegt, zeigen permanent geschwollene Halslymphknoten und Tonsillen, was in einen \u201eadenoiden Habitus\u201c m\u00fcndet. Dieser zeichnet sich aus durch ein aufgedunsenes Gesicht, ge\u00f6ffnetem Mund aufgrund von Mundatmung und eine Kopfhaltung, die den Kopf r\u00fcckw\u00e4rts in den Nacken kippt. Die Mundatmung bedingt rissige Lippen und Rhagaden. Die eingeatmete Luft flie\u00dft unangew\u00e4rmt und ungefiltert an den Tonsillen vorbei, die dadurch noch mehr gereizt werden.<\/p>\n<p>Dies ist dann oft Grundlage f\u00fcr weitere HNO Probleme. Die Anschwellung der Tonsillen ist au\u00dferdem Ursache f\u00fcr statische Fehlhaltungen der Halswirbels\u00e4ule.<\/p>\n<p><strong>\u00dcber die Zeit wird es immer problematischer<\/strong><\/p>\n<p>Im Verlauf der Jahre entwickeln Sch\u00e4del und Wirbels\u00e4ule aufgrund der Fehlhaltung zus\u00e4tzliche Komplikationen und Fehlhaltungen. Da die vergr\u00f6\u00dferten Rachenmandeln die Zunge und den Unterkiefer verschieben, bzw. die Haltung der Halswirbels\u00e4ule ver\u00e4ndern k\u00f6nnen, stressen sie damit automatisch die Kiefergelenke. Dies wird dann reflektiert in der Kopfhaltung des Patienten. Ein hervorgeschobener Unterkiefer ist assoziiert mit einer Steilstellung der HWS, dem \u201emilitary neck\u201c. Ein protrahierter Unterkiefer ist assoziiert mit einer Vorw\u00e4rtsbeugung des Kopfes. Beides resultiert in einer Fehlhaltung und Beeintr\u00e4chtigung des HWS Nervensystems.<\/p>\n<p>Die negativen Effekte im HWS Bereich pflanzen sich fr\u00fcher oder sp\u00e4ter fort auf den Lendenwirbelbereich. Es ist daher nicht auszuschlie\u00dfen, dass \u00fcber diesen Mechanismus ein negativer R\u00fcckkopplungseffekt zu einer weiteren Beeintr\u00e4chtigung der nervalen Versorgung im Lendenwirbelbereich f\u00fchrt.<\/p>\n<p>Hohen R\u00fcckfallraten bei Kieferregulationen k\u00f6nnen daher mit hoher Wahrscheinlichkeit durch eine Therapie der D\u00fcnndarmschleimhaut langfristig g\u00fcnstig beeinflusst werden.<\/p>\n<p><strong>\u00dcbrigens: Wenn Sie solche Informationen interessieren, dann fordern Sie unbedingt meinen kostenlosen Praxis-Newsletter &#8222;Unabh\u00e4ngig. Nat\u00fcrlich. Klare Kante.&#8220; dazu an:<\/strong><br \/>\n<script type=\"text\/javascript\" src=\"https:\/\/rene-graeber.de\/view_webform_v2.js?u=v9&#038;webforms_id=pL1KE\"><\/script><\/p>\n<p>Beitragsbild: 123rf.com &#8211; ralwel<\/p>\n","protected":false},"excerpt":{"rendered":"<p>Auf den ersten Blick sind diese drei wichtigen Bereiche des K\u00f6rpers durch nichts miteinander verbunden. Der Gastrointestinaltrakt nimmt in der Immunabwehr eine wichtige Position ein, da er eindringende Pathogene (Krankmacher) \u00fcber den zu verarbeitenden Nahrungsbrei identifizieren und eliminieren muss. Der L\u00f6wenteil der Resorption vollzieht sich im D\u00fcnndarmbereich. Dieser ist daher ausreichend gro\u00df, um eine vollst\u00e4ndige [&hellip;]<\/p>\n","protected":false},"author":1,"featured_media":2979,"comment_status":"open","ping_status":"open","sticky":false,"template":"","format":"standard","meta":{"footnotes":""},"categories":[9],"tags":[100],"class_list":["post-690","post","type-post","status-publish","format-standard","has-post-thumbnail","hentry","category-beschwerden-und-krankheiten","tag-immunsystem"],"_links":{"self":[{"href":"https:\/\/www.gesund-heilfasten.de\/blog\/wp-json\/wp\/v2\/posts\/690","targetHints":{"allow":["GET"]}}],"collection":[{"href":"https:\/\/www.gesund-heilfasten.de\/blog\/wp-json\/wp\/v2\/posts"}],"about":[{"href":"https:\/\/www.gesund-heilfasten.de\/blog\/wp-json\/wp\/v2\/types\/post"}],"author":[{"embeddable":true,"href":"https:\/\/www.gesund-heilfasten.de\/blog\/wp-json\/wp\/v2\/users\/1"}],"replies":[{"embeddable":true,"href":"https:\/\/www.gesund-heilfasten.de\/blog\/wp-json\/wp\/v2\/comments?post=690"}],"version-history":[{"count":6,"href":"https:\/\/www.gesund-heilfasten.de\/blog\/wp-json\/wp\/v2\/posts\/690\/revisions"}],"predecessor-version":[{"id":3044,"href":"https:\/\/www.gesund-heilfasten.de\/blog\/wp-json\/wp\/v2\/posts\/690\/revisions\/3044"}],"wp:featuredmedia":[{"embeddable":true,"href":"https:\/\/www.gesund-heilfasten.de\/blog\/wp-json\/wp\/v2\/media\/2979"}],"wp:attachment":[{"href":"https:\/\/www.gesund-heilfasten.de\/blog\/wp-json\/wp\/v2\/media?parent=690"}],"wp:term":[{"taxonomy":"category","embeddable":true,"href":"https:\/\/www.gesund-heilfasten.de\/blog\/wp-json\/wp\/v2\/categories?post=690"},{"taxonomy":"post_tag","embeddable":true,"href":"https:\/\/www.gesund-heilfasten.de\/blog\/wp-json\/wp\/v2\/tags?post=690"}],"curies":[{"name":"wp","href":"https:\/\/api.w.org\/{rel}","templated":true}]}}