{"id":95,"date":"2009-03-21T21:16:01","date_gmt":"2009-03-21T19:16:01","guid":{"rendered":"https:\/\/www.gesund-heilfasten.de\/blog\/?p=95"},"modified":"2023-12-06T19:53:53","modified_gmt":"2023-12-06T18:53:53","slug":"fasten-gegen-schmerzen","status":"publish","type":"post","link":"https:\/\/www.gesund-heilfasten.de\/blog\/fasten-gegen-schmerzen\/","title":{"rendered":"Fasten gegen Schmerzen"},"content":{"rendered":"<p>Soeben erhielt ich (wieder einmal) eine email einer Teilnehmerin:<\/p>\n<p style=\"padding-left: 40px;\"><em>Hallo, lieber Ren\u00e9!<\/em><br \/>\n<em>Jetzt wird es Zeit , da\u00df ich mich mal wieder melde. Ich habe meine <a href=\"https:\/\/www.gesund-heilfasten.de\/varianten-heilfasten\/\">Fastenkur<\/a> bestens \u00fcberstanden!<\/em><br \/>\n<em>Ich habe alles genau nach der wunderbaren Anleitung gemacht und ich hatte wirklich keinerlei unangenehme Begleiterscheinungen!<\/em> <!--more--><em>Ich war auch gespannt , was &#8222;es&#8220; mit mir macht. Es war mein erstes Fasten und eigentlich der Griff zum Strohhalm , weil ich mir mit meinen Schmerzen keinen Rat mehr wu\u00dfte. Vorher gab es 10 Jahre lang keinen Tag ohne Tabletten und sonstige &#8222;Therapien&#8220;. Und schon w\u00e4hrend der Vollfastentage habe ich eine deutliche Besserung versp\u00fcrt. Ich habe seit Fastenbeginn keinerlei Schmerzmedikamente mehr gebraucht<\/em><br \/>\n<em>und mein Magen h\u00e4lt auch wieder Ruhe! Es war insgesamt eine ganz tolle Erfahrung und ich werde es bestimmt wieder tun! Man hat da so einen Schatz an der Hand , um sich selbst helfen zu k\u00f6nnen! Ich m\u00f6chte mich nochmals ganz herzlich f\u00fcr die tolle Begleitung bedanken und verbleibe Ihre treue Leserin aller Webseiten!<\/em><br \/>\n<em>Mit herzlichen Gr\u00fc\u00dfen und besten W\u00fcnschen auch f\u00fcr Ihre weitere T\u00e4tigkeit<\/em><br \/>\n<em>Christine<\/em><\/p>\n<p><strong>\u00dcbrigens: Wenn Sie solche Informationen interessieren, dann fordern Sie unbedingt meinen Heilfasten-Newsletter dazu an:<\/strong><br \/>\n<script type=\"text\/javascript\" src=\"https:\/\/rene-graeber.de\/view_webform_v2.js?u=v9&#038;webforms_id=poWoP\"><\/script><\/p>\n<p>Ja &#8211; was soll ich da denn noch sagen? Liebe Christine, Du hast Dir in der Tat selbst geholfen!<\/p>\n<p>So \u00e4hnlich ging es mir auch vor vielen Jahren. <a href=\"https:\/\/www.gesund-heilfasten.de\/blog\/\">Heilfasten<\/a> war da auch so eine Art Strohhalm f\u00fcr mich, den ich einfach einmal probiert habe.<\/p>\n<p>Das allererste Fasten habe ich nach drei Tagen abgebrochen, weil das reine Wasser- &amp; <a href=\"https:\/\/www.gesund-heilfasten.de\/wasser-fasten-tee-fasten\/\" target=\"_blank\" rel=\"noopener\">Teefasten<\/a> war f\u00fcr meine &#8222;angegriffene&#8220; Konstitution zu viel. Im Laufe der Jahre entwickelte ich dann erst die modifizierte Heilfasten-Strategie, wie ich sie in meiner <a href=\"https:\/\/www.gesund-heilfasten.de\/heilfasten-anleitung\/\">Heilfasten-Anleitung<\/a> beschreibe.<\/p>\n<p>Beitragsbild: 123rf.com &#8211; staras<\/p>\n<p><strong>\u00dcbrigens: Wenn Sie solche Informationen interessieren, dann fordern Sie unbedingt meinen Praxis-Newsletter mit den &#8222;5 Wundermitteln&#8220; an:<\/strong><br \/>\n<script type=\"text\/javascript\" src=\"https:\/\/rene-graeber.de\/view_webform_v2.js?u=v9&#038;webforms_id=pD2TS\"><\/script><\/p>\n<p>Kleine Anmerkung: Die Sache mit den &#8222;5 Wundermitteln&#8220; ist mit Abstand der beliebteste Newsletter, den meine Patienten gerne lesen&#8230;<\/p>\n","protected":false},"excerpt":{"rendered":"<p>Soeben erhielt ich (wieder einmal) eine email einer Teilnehmerin: Hallo, lieber Ren\u00e9! Jetzt wird es Zeit , da\u00df ich mich mal wieder melde. Ich habe meine Fastenkur bestens \u00fcberstanden! Ich habe alles genau nach der wunderbaren Anleitung gemacht und ich hatte wirklich keinerlei unangenehme Begleiterscheinungen!<\/p>\n","protected":false},"author":1,"featured_media":2766,"comment_status":"open","ping_status":"open","sticky":false,"template":"","format":"standard","meta":{"footnotes":""},"categories":[9,3],"tags":[23,22],"class_list":["post-95","post","type-post","status-publish","format-standard","has-post-thumbnail","hentry","category-beschwerden-und-krankheiten","category-heilfasten-und-fasten","tag-heilfasten","tag-heilfastenplan"],"_links":{"self":[{"href":"https:\/\/www.gesund-heilfasten.de\/blog\/wp-json\/wp\/v2\/posts\/95","targetHints":{"allow":["GET"]}}],"collection":[{"href":"https:\/\/www.gesund-heilfasten.de\/blog\/wp-json\/wp\/v2\/posts"}],"about":[{"href":"https:\/\/www.gesund-heilfasten.de\/blog\/wp-json\/wp\/v2\/types\/post"}],"author":[{"embeddable":true,"href":"https:\/\/www.gesund-heilfasten.de\/blog\/wp-json\/wp\/v2\/users\/1"}],"replies":[{"embeddable":true,"href":"https:\/\/www.gesund-heilfasten.de\/blog\/wp-json\/wp\/v2\/comments?post=95"}],"version-history":[{"count":6,"href":"https:\/\/www.gesund-heilfasten.de\/blog\/wp-json\/wp\/v2\/posts\/95\/revisions"}],"predecessor-version":[{"id":2767,"href":"https:\/\/www.gesund-heilfasten.de\/blog\/wp-json\/wp\/v2\/posts\/95\/revisions\/2767"}],"wp:featuredmedia":[{"embeddable":true,"href":"https:\/\/www.gesund-heilfasten.de\/blog\/wp-json\/wp\/v2\/media\/2766"}],"wp:attachment":[{"href":"https:\/\/www.gesund-heilfasten.de\/blog\/wp-json\/wp\/v2\/media?parent=95"}],"wp:term":[{"taxonomy":"category","embeddable":true,"href":"https:\/\/www.gesund-heilfasten.de\/blog\/wp-json\/wp\/v2\/categories?post=95"},{"taxonomy":"post_tag","embeddable":true,"href":"https:\/\/www.gesund-heilfasten.de\/blog\/wp-json\/wp\/v2\/tags?post=95"}],"curies":[{"name":"wp","href":"https:\/\/api.w.org\/{rel}","templated":true}]}}