{"id":11,"date":"2008-11-29T20:42:35","date_gmt":"2008-11-29T18:42:35","guid":{"rendered":"https:\/\/www.gesund-heilfasten.de\/diaet\/blog\/?p=11"},"modified":"2022-10-26T13:45:08","modified_gmt":"2022-10-26T12:45:08","slug":"japan-macht-die-bananen-diat","status":"publish","type":"post","link":"https:\/\/www.gesund-heilfasten.de\/diaet\/blog\/japan-macht-die-bananen-diat\/","title":{"rendered":"Japan macht die Bananen Di\u00e4t"},"content":{"rendered":"<p>(Den Link zum Video auf youtube musste ich wegen des Datenschutzes leider rausnehmen).In Japan herrscht seit Mitte September ein regelrechter Ausverkauf an Bananen in den Superm\u00e4rkten &#8211;\u00a0Grund: die Bananen-Di\u00e4t.<\/p>\n<p>Der eigentliche Grund ist, dass die die stark \u00fcbergewichtige japanische Operndiva Kumiko Mori am 19. September in der sehr popul\u00e4ren Fernsehsendung \u201eDream Press-sha\u201c erkl\u00e4rte, dass sie durch eine Internet-Di\u00e4t\u00a0 in relativ kurzer Zeit sieben Kilo abgenommen habe. <!--more--><\/p>\n<p>Die Di\u00e4t, die f\u00fcr die Opern Diva so erfolgreich funktionierte ist die \u201eAna Banana Diet\u201c, auf deutsch: \u201eMorgen-Bananen-Di\u00e4t&#8220;.<\/p>\n<p>Von der Bananen Di\u00e4t las die Operns\u00e4ngerin im Internet.<\/p>\n<p>Die Regeln sind relativ einfach und werden in diesem Video sehr witzig erkl\u00e4rt (auf englisch):<\/p>\n<p>(Den Link zum Video auf youtube musste ich wegen des Datenschutzes leider rausnehmen).<\/p>\n<p><a href=\"https:\/\/www.renegraeber.de\/abnehmen.html\" target=\"_blank\" rel=\"noopener\"><img decoding=\"async\" class=\"aligncenter wp-image-1143 size-full\" src=\"https:\/\/www.gesund-heilfasten.de\/diaet\/blog\/wp-content\/uploads\/2016\/04\/abnehmen_610px.jpg\" alt=\"Abnehmen - Das Buch von Ren\u00e9 Gr\u00e4ber\" width=\"611\" height=\"282\" srcset=\"https:\/\/www.gesund-heilfasten.de\/diaet\/blog\/wp-content\/uploads\/2016\/04\/abnehmen_610px.jpg 611w, https:\/\/www.gesund-heilfasten.de\/diaet\/blog\/wp-content\/uploads\/2016\/04\/abnehmen_610px-300x138.jpg 300w\" sizes=\"(max-width: 611px) 100vw, 611px\" \/><\/a><\/p>\n","protected":false},"excerpt":{"rendered":"<p>(Den Link zum Video auf youtube musste ich wegen des Datenschutzes leider rausnehmen).In Japan herrscht seit Mitte September ein regelrechter Ausverkauf an Bananen in den Superm\u00e4rkten &#8211;\u00a0Grund: die Bananen-Di\u00e4t. Der eigentliche Grund ist, dass die die stark \u00fcbergewichtige japanische Operndiva Kumiko Mori am 19. September in der sehr popul\u00e4ren Fernsehsendung \u201eDream Press-sha\u201c erkl\u00e4rte, dass sie [&hellip;]<\/p>\n","protected":false},"author":1,"featured_media":1297,"comment_status":"open","ping_status":"open","sticky":false,"template":"","format":"standard","meta":{"footnotes":""},"categories":[5],"tags":[16],"class_list":["post-11","post","type-post","status-publish","format-standard","has-post-thumbnail","hentry","category-diaten","tag-bananen-diat"],"rttpg_featured_image_url":{"full":["https:\/\/www.gesund-heilfasten.de\/diaet\/blog\/wp-content\/uploads\/2008\/11\/banane-610px-min.jpg",610,456,false],"landscape":["https:\/\/www.gesund-heilfasten.de\/diaet\/blog\/wp-content\/uploads\/2008\/11\/banane-610px-min.jpg",610,456,false],"portraits":["https:\/\/www.gesund-heilfasten.de\/diaet\/blog\/wp-content\/uploads\/2008\/11\/banane-610px-min.jpg",610,456,false],"thumbnail":["https:\/\/www.gesund-heilfasten.de\/diaet\/blog\/wp-content\/uploads\/2008\/11\/banane-610px-min-150x150.jpg",80,80,true],"medium":["https:\/\/www.gesund-heilfasten.de\/diaet\/blog\/wp-content\/uploads\/2008\/11\/banane-610px-min-300x224.jpg",300,224,true],"large":["https:\/\/www.gesund-heilfasten.de\/diaet\/blog\/wp-content\/uploads\/2008\/11\/banane-610px-min.jpg",610,456,false],"1536x1536":["https:\/\/www.gesund-heilfasten.de\/diaet\/blog\/wp-content\/uploads\/2008\/11\/banane-610px-min.jpg",610,456,false],"2048x2048":["https:\/\/www.gesund-heilfasten.de\/diaet\/blog\/wp-content\/uploads\/2008\/11\/banane-610px-min.jpg",610,456,false],"widget":["https:\/\/www.gesund-heilfasten.de\/diaet\/blog\/wp-content\/uploads\/2008\/11\/banane-610px-min.jpg",36,27,false],"square":["https:\/\/www.gesund-heilfasten.de\/diaet\/blog\/wp-content\/uploads\/2008\/11\/banane-610px-min.jpg",180,135,false],"featured":["https:\/\/www.gesund-heilfasten.de\/diaet\/blog\/wp-content\/uploads\/2008\/11\/banane-610px-min.jpg",575,430,false],"featured_large":["https:\/\/www.gesund-heilfasten.de\/diaet\/blog\/wp-content\/uploads\/2008\/11\/banane-610px-min.jpg",610,456,false],"extra_large":["https:\/\/www.gesund-heilfasten.de\/diaet\/blog\/wp-content\/uploads\/2008\/11\/banane-610px-min.jpg",610,456,false],"portfolio":["https:\/\/www.gesund-heilfasten.de\/diaet\/blog\/wp-content\/uploads\/2008\/11\/banane-610px-min.jpg",495,370,false],"portfolio_small":["https:\/\/www.gesund-heilfasten.de\/diaet\/blog\/wp-content\/uploads\/2008\/11\/banane-610px-min.jpg",247,185,false],"gallery":["https:\/\/www.gesund-heilfasten.de\/diaet\/blog\/wp-content\/uploads\/2008\/11\/banane-610px-min.jpg",610,456,false],"magazine":["https:\/\/www.gesund-heilfasten.de\/diaet\/blog\/wp-content\/uploads\/2008\/11\/banane-610px-min.jpg",502,375,false],"masonry":["https:\/\/www.gesund-heilfasten.de\/diaet\/blog\/wp-content\/uploads\/2008\/11\/banane-610px-min.jpg",610,456,false],"entry_with_sidebar":["https:\/\/www.gesund-heilfasten.de\/diaet\/blog\/wp-content\/uploads\/2008\/11\/banane-610px-min.jpg",429,321,false],"entry_without_sidebar":["https:\/\/www.gesund-heilfasten.de\/diaet\/blog\/wp-content\/uploads\/2008\/11\/banane-610px-min.jpg",566,423,false]},"rttpg_author":{"display_name":"Ren\u00e9 Gr\u00e4ber","author_link":"https:\/\/www.gesund-heilfasten.de\/diaet\/blog\/author\/3d3f44be47d7c9ce\/"},"rttpg_comment":1,"rttpg_category":"<a href=\"https:\/\/www.gesund-heilfasten.de\/diaet\/blog\/category\/diaten\/\" rel=\"category tag\">Di\u00e4ten Aktuell<\/a>","rttpg_excerpt":"(Den Link zum Video auf youtube musste ich wegen des Datenschutzes leider rausnehmen).In Japan herrscht seit Mitte September ein regelrechter Ausverkauf an Bananen in den Superm\u00e4rkten &#8211;\u00a0Grund: die Bananen-Di\u00e4t. Der eigentliche Grund ist, dass die die stark \u00fcbergewichtige japanische Operndiva Kumiko Mori am 19. September in der sehr popul\u00e4ren Fernsehsendung \u201eDream Press-sha\u201c erkl\u00e4rte, dass sie&hellip;","_links":{"self":[{"href":"https:\/\/www.gesund-heilfasten.de\/diaet\/blog\/wp-json\/wp\/v2\/posts\/11","targetHints":{"allow":["GET"]}}],"collection":[{"href":"https:\/\/www.gesund-heilfasten.de\/diaet\/blog\/wp-json\/wp\/v2\/posts"}],"about":[{"href":"https:\/\/www.gesund-heilfasten.de\/diaet\/blog\/wp-json\/wp\/v2\/types\/post"}],"author":[{"embeddable":true,"href":"https:\/\/www.gesund-heilfasten.de\/diaet\/blog\/wp-json\/wp\/v2\/users\/1"}],"replies":[{"embeddable":true,"href":"https:\/\/www.gesund-heilfasten.de\/diaet\/blog\/wp-json\/wp\/v2\/comments?post=11"}],"version-history":[{"count":5,"href":"https:\/\/www.gesund-heilfasten.de\/diaet\/blog\/wp-json\/wp\/v2\/posts\/11\/revisions"}],"predecessor-version":[{"id":1298,"href":"https:\/\/www.gesund-heilfasten.de\/diaet\/blog\/wp-json\/wp\/v2\/posts\/11\/revisions\/1298"}],"wp:featuredmedia":[{"embeddable":true,"href":"https:\/\/www.gesund-heilfasten.de\/diaet\/blog\/wp-json\/wp\/v2\/media\/1297"}],"wp:attachment":[{"href":"https:\/\/www.gesund-heilfasten.de\/diaet\/blog\/wp-json\/wp\/v2\/media?parent=11"}],"wp:term":[{"taxonomy":"category","embeddable":true,"href":"https:\/\/www.gesund-heilfasten.de\/diaet\/blog\/wp-json\/wp\/v2\/categories?post=11"},{"taxonomy":"post_tag","embeddable":true,"href":"https:\/\/www.gesund-heilfasten.de\/diaet\/blog\/wp-json\/wp\/v2\/tags?post=11"}],"curies":[{"name":"wp","href":"https:\/\/api.w.org\/{rel}","templated":true}]}}