{"id":110,"date":"2009-09-08T13:42:48","date_gmt":"2009-09-08T11:42:48","guid":{"rendered":"https:\/\/www.gesund-heilfasten.de\/diaet\/blog\/%e2%80%9eich-pfeif-auf-diat%e2%80%9c\/"},"modified":"2023-11-08T09:20:02","modified_gmt":"2023-11-08T08:20:02","slug":"christina-aquilera-diaet","status":"publish","type":"post","link":"https:\/\/www.gesund-heilfasten.de\/diaet\/blog\/christina-aquilera-diaet\/","title":{"rendered":"Christina Aquilera: \u201eIch pfeif auf Di\u00e4t\u201c"},"content":{"rendered":"<p>Solch einen Satz h\u00f6ren wir nur selten von Promis. Besonders die Menschen, die im Rampenlicht stehen, sorgen t\u00e4glich f\u00fcr neue Schlagzeilen im Bereich <a href=\"https:\/\/www.gesund-heilfasten.de\/diaeten-im-test\/\">Di\u00e4ten <\/a>oder Fettleibigkeit.<\/p>\n<p>Doch nun hat die S\u00e4ngerin Christina Aquilera uns alle \u00fcberrascht. Nein, sie mache keine Di\u00e4t, teilte sie erst k\u00fcrzlich der Zeitung \u201eThe Sun\u201c mit. <!--more--><\/p>\n<p>Das Essen schmeckt der S\u00e4ngerin viel zu sehr, als das sie sich an eine Di\u00e4t halten k\u00f6nnte. Doch wie schafft es der Popstar dann, sein Gewicht zu halten?<\/p>\n<p>Es liegt nicht an S\u00f6hnchen Max und dem Haushalt, der zu bew\u00e4ltigen ist, sondern an einem ausgekl\u00fcgelten Plan, abends zur Bettzeit ihres Sohnes.<\/p>\n<p>Sobald der junge Mann im Land der Tr\u00e4ume ist, schwitzt und plagt sich die S\u00e4ngerin ab. Sie trainiert eine Stunde lang und h\u00e4lt sich damit fit. So muss sie auf keine Nahrungsmittel verzichten und kann dennoch ihr Gewicht halten.<\/p>\n<p>An alle Abnehmwilligen: wer lieber Sport statt Di\u00e4t macht, sollte einmal den Tipp von Christina Aquilera umsetzen.<\/p>\n<p><strong>\u00dcbrigens: Wenn Dich solche Informationen interessieren, dann fordere unbedingt meinen kostenlosen Abnehm-Newsletter dazu an:<\/strong><br \/>\n<script type=\"text\/javascript\" src=\"https:\/\/rene-graeber.de\/view_webform_v2.js?u=v9&#038;webforms_id=pQWy2\"><\/script><\/p>\n","protected":false},"excerpt":{"rendered":"<p>Solch einen Satz h\u00f6ren wir nur selten von Promis. Besonders die Menschen, die im Rampenlicht stehen, sorgen t\u00e4glich f\u00fcr neue Schlagzeilen im Bereich Di\u00e4ten oder Fettleibigkeit. Doch nun hat die S\u00e4ngerin Christina Aquilera uns alle \u00fcberrascht. Nein, sie mache keine Di\u00e4t, teilte sie erst k\u00fcrzlich der Zeitung \u201eThe Sun\u201c mit.<\/p>\n","protected":false},"author":1,"featured_media":1724,"comment_status":"open","ping_status":"open","sticky":false,"template":"","format":"standard","meta":{"footnotes":""},"categories":[5],"tags":[54,22],"class_list":["post-110","post","type-post","status-publish","format-standard","has-post-thumbnail","hentry","category-diaten","tag-christina-aquilera","tag-diat"],"rttpg_featured_image_url":{"full":["https:\/\/www.gesund-heilfasten.de\/diaet\/blog\/wp-content\/uploads\/2009\/09\/microphon-singen.jpg",640,427,false],"landscape":["https:\/\/www.gesund-heilfasten.de\/diaet\/blog\/wp-content\/uploads\/2009\/09\/microphon-singen.jpg",640,427,false],"portraits":["https:\/\/www.gesund-heilfasten.de\/diaet\/blog\/wp-content\/uploads\/2009\/09\/microphon-singen.jpg",640,427,false],"thumbnail":["https:\/\/www.gesund-heilfasten.de\/diaet\/blog\/wp-content\/uploads\/2009\/09\/microphon-singen-150x150.jpg",80,80,true],"medium":["https:\/\/www.gesund-heilfasten.de\/diaet\/blog\/wp-content\/uploads\/2009\/09\/microphon-singen-300x200.jpg",300,200,true],"large":["https:\/\/www.gesund-heilfasten.de\/diaet\/blog\/wp-content\/uploads\/2009\/09\/microphon-singen.jpg",640,427,false],"1536x1536":["https:\/\/www.gesund-heilfasten.de\/diaet\/blog\/wp-content\/uploads\/2009\/09\/microphon-singen.jpg",640,427,false],"2048x2048":["https:\/\/www.gesund-heilfasten.de\/diaet\/blog\/wp-content\/uploads\/2009\/09\/microphon-singen.jpg",640,427,false],"widget":["https:\/\/www.gesund-heilfasten.de\/diaet\/blog\/wp-content\/uploads\/2009\/09\/microphon-singen.jpg",36,24,false],"square":["https:\/\/www.gesund-heilfasten.de\/diaet\/blog\/wp-content\/uploads\/2009\/09\/microphon-singen.jpg",180,120,false],"featured":["https:\/\/www.gesund-heilfasten.de\/diaet\/blog\/wp-content\/uploads\/2009\/09\/microphon-singen.jpg",640,427,false],"featured_large":["https:\/\/www.gesund-heilfasten.de\/diaet\/blog\/wp-content\/uploads\/2009\/09\/microphon-singen.jpg",640,427,false],"extra_large":["https:\/\/www.gesund-heilfasten.de\/diaet\/blog\/wp-content\/uploads\/2009\/09\/microphon-singen.jpg",640,427,false],"portfolio":["https:\/\/www.gesund-heilfasten.de\/diaet\/blog\/wp-content\/uploads\/2009\/09\/microphon-singen.jpg",495,330,false],"portfolio_small":["https:\/\/www.gesund-heilfasten.de\/diaet\/blog\/wp-content\/uploads\/2009\/09\/microphon-singen.jpg",260,173,false],"gallery":["https:\/\/www.gesund-heilfasten.de\/diaet\/blog\/wp-content\/uploads\/2009\/09\/microphon-singen.jpg",640,427,false],"magazine":["https:\/\/www.gesund-heilfasten.de\/diaet\/blog\/wp-content\/uploads\/2009\/09\/microphon-singen.jpg",562,375,false],"masonry":["https:\/\/www.gesund-heilfasten.de\/diaet\/blog\/wp-content\/uploads\/2009\/09\/microphon-singen.jpg",640,427,false],"entry_with_sidebar":["https:\/\/www.gesund-heilfasten.de\/diaet\/blog\/wp-content\/uploads\/2009\/09\/microphon-singen.jpg",481,321,false],"entry_without_sidebar":["https:\/\/www.gesund-heilfasten.de\/diaet\/blog\/wp-content\/uploads\/2009\/09\/microphon-singen.jpg",634,423,false]},"rttpg_author":{"display_name":"Ren\u00e9 Gr\u00e4ber","author_link":"https:\/\/www.gesund-heilfasten.de\/diaet\/blog\/author\/3d3f44be47d7c9ce\/"},"rttpg_comment":1,"rttpg_category":"<a href=\"https:\/\/www.gesund-heilfasten.de\/diaet\/blog\/category\/diaten\/\" rel=\"category tag\">Di\u00e4ten Aktuell<\/a>","rttpg_excerpt":"Solch einen Satz h\u00f6ren wir nur selten von Promis. Besonders die Menschen, die im Rampenlicht stehen, sorgen t\u00e4glich f\u00fcr neue Schlagzeilen im Bereich Di\u00e4ten oder Fettleibigkeit. Doch nun hat die S\u00e4ngerin Christina Aquilera uns alle \u00fcberrascht. Nein, sie mache keine Di\u00e4t, teilte sie erst k\u00fcrzlich der Zeitung \u201eThe Sun\u201c mit.","_links":{"self":[{"href":"https:\/\/www.gesund-heilfasten.de\/diaet\/blog\/wp-json\/wp\/v2\/posts\/110","targetHints":{"allow":["GET"]}}],"collection":[{"href":"https:\/\/www.gesund-heilfasten.de\/diaet\/blog\/wp-json\/wp\/v2\/posts"}],"about":[{"href":"https:\/\/www.gesund-heilfasten.de\/diaet\/blog\/wp-json\/wp\/v2\/types\/post"}],"author":[{"embeddable":true,"href":"https:\/\/www.gesund-heilfasten.de\/diaet\/blog\/wp-json\/wp\/v2\/users\/1"}],"replies":[{"embeddable":true,"href":"https:\/\/www.gesund-heilfasten.de\/diaet\/blog\/wp-json\/wp\/v2\/comments?post=110"}],"version-history":[{"count":6,"href":"https:\/\/www.gesund-heilfasten.de\/diaet\/blog\/wp-json\/wp\/v2\/posts\/110\/revisions"}],"predecessor-version":[{"id":1725,"href":"https:\/\/www.gesund-heilfasten.de\/diaet\/blog\/wp-json\/wp\/v2\/posts\/110\/revisions\/1725"}],"wp:featuredmedia":[{"embeddable":true,"href":"https:\/\/www.gesund-heilfasten.de\/diaet\/blog\/wp-json\/wp\/v2\/media\/1724"}],"wp:attachment":[{"href":"https:\/\/www.gesund-heilfasten.de\/diaet\/blog\/wp-json\/wp\/v2\/media?parent=110"}],"wp:term":[{"taxonomy":"category","embeddable":true,"href":"https:\/\/www.gesund-heilfasten.de\/diaet\/blog\/wp-json\/wp\/v2\/categories?post=110"},{"taxonomy":"post_tag","embeddable":true,"href":"https:\/\/www.gesund-heilfasten.de\/diaet\/blog\/wp-json\/wp\/v2\/tags?post=110"}],"curies":[{"name":"wp","href":"https:\/\/api.w.org\/{rel}","templated":true}]}}