{"id":116,"date":"2009-09-17T12:54:11","date_gmt":"2009-09-17T10:54:11","guid":{"rendered":"https:\/\/www.gesund-heilfasten.de\/diaet\/blog\/?p=116"},"modified":"2023-11-11T19:12:28","modified_gmt":"2023-11-11T18:12:28","slug":"30-kg-in-einem-jahr-abgenommen-herzlichen-gluckwunsch-rainer-calmund","status":"publish","type":"post","link":"https:\/\/www.gesund-heilfasten.de\/diaet\/blog\/30-kg-in-einem-jahr-abgenommen-herzlichen-gluckwunsch-rainer-calmund\/","title":{"rendered":"Rainer Calmund &#8211; 30 KG in einem Jahr abgenommen &#8211; Herzlichen Gl\u00fcckwunsch"},"content":{"rendered":"<p>Im letzten September stand der ehemalige Fu\u00dfballmanager aus Leverkusen auf der Waage und nicht nur seine 22 Jahre j\u00fcngere Ehefrau Silvia machte sich gro\u00dfe Sorgen: Rainer Calmund, in der Fu\u00dfballwelt liebevoll &#8222;Calli&#8220; genannt, brachte es auf ein Kampfgewicht von 163 kg! <!--more--><\/p>\n<p>subbotina<\/p>\n<p>Die gesundheitlichen Risiken im Nacken beschlo\u00df er: Ich nehme in einem Jahr 30 kg ab und nehme (gehend) an einem Halbmarathon teil! Er war klug genug, sich nicht auf die Versprechen der Di\u00e4tindustrie hereinzufallen und wie einst Harry Weijnvoordt ein Slim-Getr\u00e4nk in die Kamera zu halten.<\/p>\n<p>Stattdessen lie\u00df er sich von der Sporthochschule K\u00f6ln medizinisch durchchecken und schnappte sich den Extremsportler Joey Kelly als Trainer und Ern\u00e4hrungscoach.<\/p>\n<p>Zun\u00e4chst begann er mit Trennkost und viel Bewegung, so dass die ersten Pfunde schnell purzelten. Danach ging es weiter nach Thailand, wo er vor allem mit Hilfe asiatischer Suppen weiterhin kr\u00e4ftig Gewicht verlor und sich immer in Bewegung hielt.<\/p>\n<p>Auch wenn das Gewicht dann eine Zeitlang stagnierte: Seine Blutwerte wurden immer besser, er f\u00fchlte sich k\u00f6rperlich fitter und bekam daher auch von den Sportmedizinern die Erlaubnis, im Mai 2009 beim Ruhr-Halbmarathon in Essen mitzuwalken. &#8222;Iron Calli&#8220; war sein Spitzname, und angefeuert von vielen Zuschauern wurde auch dieses Ziel erreicht.<\/p>\n<p>Danach fiel er in ein Loch, dass wohl viele Abnehmwillige kennen, und nahm sogar noch zu &#8211; und das, wo das Projektziel &#8222;30 kg in einem Jahr&#8220; doch zum Greifen nah gewesen war!<\/p>\n<p>Trainer Joey Kelly machte sich auf die Suche nach einer neuen Motivationshilfe, meldete &#8222;Calli&#8220; beim Hamburger Radmarathon an und nach einer Woche ausschlie\u00dflich Kohlsuppe konnte Calmund nicht nur diesen Marathon \u00fcber 55 km bew\u00e4ltigen sondern auch den Gang zur Waage erfolgreich bestreiten:<\/p>\n<p>133 kg sind es jetzt im September 2009, und seiner Frau und seiner Gesundheit zuliebe will er dabei bleiben: Gesunde Ern\u00e4hrung und viel Bewegung ohne irgendwelche Pflaster, Pulver und Mittelchen als Garant f\u00fcr den Erfolg.<\/p>\n<p><strong>\u00dcbrigens: Wenn Dich solche Informationen interessieren, dann fordere unbedingt meinen kostenlosen Abnehm-Newsletter dazu an:<\/strong><br \/>\n<script type=\"text\/javascript\" src=\"https:\/\/rene-graeber.de\/view_webform_v2.js?u=v9&#038;webforms_id=pQWy2\"><\/script><\/p>\n","protected":false},"excerpt":{"rendered":"<p>Im letzten September stand der ehemalige Fu\u00dfballmanager aus Leverkusen auf der Waage und nicht nur seine 22 Jahre j\u00fcngere Ehefrau Silvia machte sich gro\u00dfe Sorgen: Rainer Calmund, in der Fu\u00dfballwelt liebevoll &#8222;Calli&#8220; genannt, brachte es auf ein Kampfgewicht von 163 kg!<\/p>\n","protected":false},"author":1,"featured_media":1777,"comment_status":"open","ping_status":"open","sticky":false,"template":"","format":"standard","meta":{"footnotes":""},"categories":[1],"tags":[],"class_list":["post-116","post","type-post","status-publish","format-standard","has-post-thumbnail","hentry","category-allgemein"],"rttpg_featured_image_url":{"full":["https:\/\/www.gesund-heilfasten.de\/diaet\/blog\/wp-content\/uploads\/2009\/09\/abnehmen-mass.jpg",640,426,false],"landscape":["https:\/\/www.gesund-heilfasten.de\/diaet\/blog\/wp-content\/uploads\/2009\/09\/abnehmen-mass.jpg",640,426,false],"portraits":["https:\/\/www.gesund-heilfasten.de\/diaet\/blog\/wp-content\/uploads\/2009\/09\/abnehmen-mass.jpg",640,426,false],"thumbnail":["https:\/\/www.gesund-heilfasten.de\/diaet\/blog\/wp-content\/uploads\/2009\/09\/abnehmen-mass-150x150.jpg",80,80,true],"medium":["https:\/\/www.gesund-heilfasten.de\/diaet\/blog\/wp-content\/uploads\/2009\/09\/abnehmen-mass-300x200.jpg",300,200,true],"large":["https:\/\/www.gesund-heilfasten.de\/diaet\/blog\/wp-content\/uploads\/2009\/09\/abnehmen-mass.jpg",640,426,false],"1536x1536":["https:\/\/www.gesund-heilfasten.de\/diaet\/blog\/wp-content\/uploads\/2009\/09\/abnehmen-mass.jpg",640,426,false],"2048x2048":["https:\/\/www.gesund-heilfasten.de\/diaet\/blog\/wp-content\/uploads\/2009\/09\/abnehmen-mass.jpg",640,426,false],"widget":["https:\/\/www.gesund-heilfasten.de\/diaet\/blog\/wp-content\/uploads\/2009\/09\/abnehmen-mass.jpg",36,24,false],"square":["https:\/\/www.gesund-heilfasten.de\/diaet\/blog\/wp-content\/uploads\/2009\/09\/abnehmen-mass.jpg",180,120,false],"featured":["https:\/\/www.gesund-heilfasten.de\/diaet\/blog\/wp-content\/uploads\/2009\/09\/abnehmen-mass.jpg",640,426,false],"featured_large":["https:\/\/www.gesund-heilfasten.de\/diaet\/blog\/wp-content\/uploads\/2009\/09\/abnehmen-mass.jpg",640,426,false],"extra_large":["https:\/\/www.gesund-heilfasten.de\/diaet\/blog\/wp-content\/uploads\/2009\/09\/abnehmen-mass.jpg",640,426,false],"portfolio":["https:\/\/www.gesund-heilfasten.de\/diaet\/blog\/wp-content\/uploads\/2009\/09\/abnehmen-mass.jpg",495,329,false],"portfolio_small":["https:\/\/www.gesund-heilfasten.de\/diaet\/blog\/wp-content\/uploads\/2009\/09\/abnehmen-mass.jpg",260,173,false],"gallery":["https:\/\/www.gesund-heilfasten.de\/diaet\/blog\/wp-content\/uploads\/2009\/09\/abnehmen-mass.jpg",640,426,false],"magazine":["https:\/\/www.gesund-heilfasten.de\/diaet\/blog\/wp-content\/uploads\/2009\/09\/abnehmen-mass.jpg",563,375,false],"masonry":["https:\/\/www.gesund-heilfasten.de\/diaet\/blog\/wp-content\/uploads\/2009\/09\/abnehmen-mass.jpg",640,426,false],"entry_with_sidebar":["https:\/\/www.gesund-heilfasten.de\/diaet\/blog\/wp-content\/uploads\/2009\/09\/abnehmen-mass.jpg",482,321,false],"entry_without_sidebar":["https:\/\/www.gesund-heilfasten.de\/diaet\/blog\/wp-content\/uploads\/2009\/09\/abnehmen-mass.jpg",635,423,false]},"rttpg_author":{"display_name":"Ren\u00e9 Gr\u00e4ber","author_link":"https:\/\/www.gesund-heilfasten.de\/diaet\/blog\/author\/3d3f44be47d7c9ce\/"},"rttpg_comment":1,"rttpg_category":"<a href=\"https:\/\/www.gesund-heilfasten.de\/diaet\/blog\/category\/allgemein\/\" rel=\"category tag\">Allgemein<\/a>","rttpg_excerpt":"Im letzten September stand der ehemalige Fu\u00dfballmanager aus Leverkusen auf der Waage und nicht nur seine 22 Jahre j\u00fcngere Ehefrau Silvia machte sich gro\u00dfe Sorgen: Rainer Calmund, in der Fu\u00dfballwelt liebevoll &#8222;Calli&#8220; genannt, brachte es auf ein Kampfgewicht von 163 kg!","_links":{"self":[{"href":"https:\/\/www.gesund-heilfasten.de\/diaet\/blog\/wp-json\/wp\/v2\/posts\/116","targetHints":{"allow":["GET"]}}],"collection":[{"href":"https:\/\/www.gesund-heilfasten.de\/diaet\/blog\/wp-json\/wp\/v2\/posts"}],"about":[{"href":"https:\/\/www.gesund-heilfasten.de\/diaet\/blog\/wp-json\/wp\/v2\/types\/post"}],"author":[{"embeddable":true,"href":"https:\/\/www.gesund-heilfasten.de\/diaet\/blog\/wp-json\/wp\/v2\/users\/1"}],"replies":[{"embeddable":true,"href":"https:\/\/www.gesund-heilfasten.de\/diaet\/blog\/wp-json\/wp\/v2\/comments?post=116"}],"version-history":[{"count":6,"href":"https:\/\/www.gesund-heilfasten.de\/diaet\/blog\/wp-json\/wp\/v2\/posts\/116\/revisions"}],"predecessor-version":[{"id":1778,"href":"https:\/\/www.gesund-heilfasten.de\/diaet\/blog\/wp-json\/wp\/v2\/posts\/116\/revisions\/1778"}],"wp:featuredmedia":[{"embeddable":true,"href":"https:\/\/www.gesund-heilfasten.de\/diaet\/blog\/wp-json\/wp\/v2\/media\/1777"}],"wp:attachment":[{"href":"https:\/\/www.gesund-heilfasten.de\/diaet\/blog\/wp-json\/wp\/v2\/media?parent=116"}],"wp:term":[{"taxonomy":"category","embeddable":true,"href":"https:\/\/www.gesund-heilfasten.de\/diaet\/blog\/wp-json\/wp\/v2\/categories?post=116"},{"taxonomy":"post_tag","embeddable":true,"href":"https:\/\/www.gesund-heilfasten.de\/diaet\/blog\/wp-json\/wp\/v2\/tags?post=116"}],"curies":[{"name":"wp","href":"https:\/\/api.w.org\/{rel}","templated":true}]}}