{"id":249,"date":"2010-02-05T11:14:01","date_gmt":"2010-02-05T10:14:01","guid":{"rendered":"https:\/\/www.gesund-heilfasten.de\/diaet\/blog\/?p=249"},"modified":"2023-11-11T18:47:54","modified_gmt":"2023-11-11T17:47:54","slug":"uebergewicht-kinder-massiv-unterschaetzt","status":"publish","type":"post","link":"https:\/\/www.gesund-heilfasten.de\/diaet\/blog\/uebergewicht-kinder-massiv-unterschaetzt\/","title":{"rendered":"\u00dcbergewicht von Kindern wird massiv untersch\u00e4tzt"},"content":{"rendered":"<p>Bei der Beurteilung des tats\u00e4chlichen Gewichts ihrer Kinder kommt es bei Eltern oftmals zu enormen Fehleinsch\u00e4tzungen. Insbesondere M\u00fctter und V\u00e4ter von \u00fcbergewichtigen oder fettleibigen Kindern sind h\u00e4ufig nicht in der Lage, das Gewicht ihres Kindes kritisch zu betrachten. <!--more--><\/p>\n<p>Diese Erkenntnisse sind Ergebnis einer in der niederl\u00e4ndischen Zeitschrift \u201eActa Paediatrica\u201c ver\u00f6ffentlichten Studie. Teilgenommen hatten die Elternteile von 439 Vorschulkindern im Alter zwischen vier und f\u00fcnf Jahren. Die wissenschaftliche Untersuchung wurde anhand eines Fragebogens durchgef\u00fchrt.<\/p>\n<p><strong>\u00dcbrigens: Wenn Sie solche Informationen interessieren, dann fordern Sie unbedingt meinen Praxis-Newsletter mit den &#8222;5 Wundermitteln&#8220; an:<\/strong><br \/>\n<script type=\"text\/javascript\" src=\"https:\/\/rene-graeber.de\/view_webform_v2.js?u=v9&#038;webforms_id=pD2TS\"><\/script><\/p>\n<p>Kleine Anmerkung: Die Sache mit den &#8222;5 Wundermitteln&#8220; ist mit Abstand der beliebteste Newsletter, den meine Patienten gerne lesen&#8230;<\/p>\n<p>In diesem wurden die Eltern zu Gewicht, K\u00f6rpergr\u00f6\u00dfe sowie Bewegungsverhalten und Essverhalten ihrer Kinder und auch sich selbst befragt. Au\u00dferdem wurde die Selbsteinsch\u00e4tzung der Eltern getestet, indem diese das Gewicht ihrer Kinder beurteilen und mit anderen Kindern vergleichen mussten.<\/p>\n<p>Diese Beurteilung war sowohl verbal als auch mithilfe von vergleichenden Abbildungen vorzunehmen.<\/p>\n<p>Mithilfe der elterlichen Angaben wurde der <a href=\"https:\/\/www.gesund-heilfasten.de\/idealgewicht\/\" target=\"_blank\" rel=\"noopener\">BMI<\/a> von Kindern und Elternteilen ermittelt. Die Angaben von Eltern \u00fcbergewichtiger oder fettleibiger Kinder wurden von den Wissenschaftlern besonders intensiv betrachtet.<\/p>\n<p>Dabei stellten sie zun\u00e4chst fest, dass M\u00fctter und V\u00e4ter dieser Kinder h\u00e4ufig auch selbst \u00fcbergewichtig sind.<\/p>\n<p>Das Bewusstsein dieser Eltern \u00fcber die eigenen Gewichtsprobleme war au\u00dferordentlich hoch. 83 Prozent der M\u00fctter und 78 Prozent der V\u00e4ter mit \u00dcbergewicht r\u00e4umten ein, sich ihrer Gewichtsproblematik bewusst zu sein. Bei fettleibigen Elternteilen lag der Prozentsatz sogar noch h\u00f6her.<\/p>\n<p>Beim Vergleich mit aufgezeichneten Schattenumrissen von Kindern mit normaler, unter- oder \u00fcbergewichtiger Figur neigten alle befragten Eltern dazu, ihren Kindern eine schlankere Figur als in der Realit\u00e4t zuzuordnen.<\/p>\n<p>Bei Eltern fettleibiger Kinder fielen diese Abweichungen jedoch besonders hoch aus. \u00c4hnliche Ergebnisse wurden bei den rein verbalen Einsch\u00e4tzungen des Gewichts ihrer Kinder festgestellt.<\/p>\n<p>Bedeutend ist auch die Beurteilung von M\u00fcttern und V\u00e4tern \u00fcbergewichtiger oder fettleibiger Kinder zum Freizeit- und Essverhalten ihrer Kinder.<\/p>\n<p>Nach eigener Wahrnehmung stellen sie keinen Unterschied zur k\u00f6rperlichen Bet\u00e4tigung anderer Kinder fest. Au\u00dferdem erachten sie ihren pers\u00f6nlichen Einfluss auf die Ern\u00e4hrungsweise ihrer Kinder als recht gro\u00df.<\/p>\n<p>Positiv zu beurteilen ist der Wunsch von rund 80 Prozent der befragten Eltern nach ausf\u00fchrlicher Information und Beratung im Falle einer \u00dcbergewichtigkeit des eigenen Kindes.<\/p>\n<p><strong>Weitere Beitr\u00e4ge in diesem Zusammenhang:<\/strong><\/p>\n<ul>\n<li><a href=\"https:\/\/www.gesund-heilfasten.de\/diaet\/blog\/oecd-bericht-2009\/\">OECD Bericht 2009: M\u00e4dchen werden immer dicker<\/a><\/li>\n<li><a href=\"https:\/\/www.gesund-heilfasten.de\/diaet\/blog\/essen-macht-dick-nicht-die-gene\/\">Essen macht dick &#8211; Nicht die Gene<\/a><\/li>\n<li><a href=\"https:\/\/www.gesund-heilfasten.de\/diaet\/blog\/fett-durch-suesstoffe\/\">Fett durch S\u00fc\u00dfstoffe<\/a><\/li>\n<\/ul>\n<p><strong>\u00dcbrigens: Wenn Sie solche Informationen interessieren, dann fordern Sie unbedingt meinen Heilfasten-Newsletter dazu an:<\/strong><br \/>\n<script type=\"text\/javascript\" src=\"https:\/\/rene-graeber.de\/view_webform_v2.js?u=v9&#038;webforms_id=pL1K6\"><\/script><\/p>\n<p>Beitragsbild: fotolia.com &#8211; Warren Goldswain<br \/>\nDieser Beitrag wurde im Februar 2010 erstellt.<\/p>\n","protected":false},"excerpt":{"rendered":"<p>Bei der Beurteilung des tats\u00e4chlichen Gewichts ihrer Kinder kommt es bei Eltern oftmals zu enormen Fehleinsch\u00e4tzungen. Insbesondere M\u00fctter und V\u00e4ter von \u00fcbergewichtigen oder fettleibigen Kindern sind h\u00e4ufig nicht in der Lage, das Gewicht ihres Kindes kritisch zu betrachten.<\/p>\n","protected":false},"author":1,"featured_media":1425,"comment_status":"open","ping_status":"open","sticky":false,"template":"","format":"standard","meta":{"footnotes":""},"categories":[1],"tags":[89,14],"class_list":["post-249","post","type-post","status-publish","format-standard","has-post-thumbnail","hentry","category-allgemein","tag-kinder","tag-ubergewicht"],"rttpg_featured_image_url":{"full":["https:\/\/www.gesund-heilfasten.de\/diaet\/blog\/wp-content\/uploads\/2021\/06\/pulver-drink-Fotolia_55455665_Warren_Goldswain-3-1.jpg",750,499,false],"landscape":["https:\/\/www.gesund-heilfasten.de\/diaet\/blog\/wp-content\/uploads\/2021\/06\/pulver-drink-Fotolia_55455665_Warren_Goldswain-3-1.jpg",750,499,false],"portraits":["https:\/\/www.gesund-heilfasten.de\/diaet\/blog\/wp-content\/uploads\/2021\/06\/pulver-drink-Fotolia_55455665_Warren_Goldswain-3-1.jpg",750,499,false],"thumbnail":["https:\/\/www.gesund-heilfasten.de\/diaet\/blog\/wp-content\/uploads\/2021\/06\/pulver-drink-Fotolia_55455665_Warren_Goldswain-3-1-150x150.jpg",80,80,true],"medium":["https:\/\/www.gesund-heilfasten.de\/diaet\/blog\/wp-content\/uploads\/2021\/06\/pulver-drink-Fotolia_55455665_Warren_Goldswain-3-1-300x200.jpg",300,200,true],"large":["https:\/\/www.gesund-heilfasten.de\/diaet\/blog\/wp-content\/uploads\/2021\/06\/pulver-drink-Fotolia_55455665_Warren_Goldswain-3-1.jpg",750,499,false],"1536x1536":["https:\/\/www.gesund-heilfasten.de\/diaet\/blog\/wp-content\/uploads\/2021\/06\/pulver-drink-Fotolia_55455665_Warren_Goldswain-3-1.jpg",750,499,false],"2048x2048":["https:\/\/www.gesund-heilfasten.de\/diaet\/blog\/wp-content\/uploads\/2021\/06\/pulver-drink-Fotolia_55455665_Warren_Goldswain-3-1.jpg",750,499,false],"widget":["https:\/\/www.gesund-heilfasten.de\/diaet\/blog\/wp-content\/uploads\/2021\/06\/pulver-drink-Fotolia_55455665_Warren_Goldswain-3-1.jpg",36,24,false],"square":["https:\/\/www.gesund-heilfasten.de\/diaet\/blog\/wp-content\/uploads\/2021\/06\/pulver-drink-Fotolia_55455665_Warren_Goldswain-3-1.jpg",180,120,false],"featured":["https:\/\/www.gesund-heilfasten.de\/diaet\/blog\/wp-content\/uploads\/2021\/06\/pulver-drink-Fotolia_55455665_Warren_Goldswain-3-1.jpg",646,430,false],"featured_large":["https:\/\/www.gesund-heilfasten.de\/diaet\/blog\/wp-content\/uploads\/2021\/06\/pulver-drink-Fotolia_55455665_Warren_Goldswain-3-1.jpg",750,499,false],"extra_large":["https:\/\/www.gesund-heilfasten.de\/diaet\/blog\/wp-content\/uploads\/2021\/06\/pulver-drink-Fotolia_55455665_Warren_Goldswain-3-1.jpg",750,499,false],"portfolio":["https:\/\/www.gesund-heilfasten.de\/diaet\/blog\/wp-content\/uploads\/2021\/06\/pulver-drink-Fotolia_55455665_Warren_Goldswain-3-1.jpg",495,329,false],"portfolio_small":["https:\/\/www.gesund-heilfasten.de\/diaet\/blog\/wp-content\/uploads\/2021\/06\/pulver-drink-Fotolia_55455665_Warren_Goldswain-3-1.jpg",260,173,false],"gallery":["https:\/\/www.gesund-heilfasten.de\/diaet\/blog\/wp-content\/uploads\/2021\/06\/pulver-drink-Fotolia_55455665_Warren_Goldswain-3-1.jpg",750,499,false],"magazine":["https:\/\/www.gesund-heilfasten.de\/diaet\/blog\/wp-content\/uploads\/2021\/06\/pulver-drink-Fotolia_55455665_Warren_Goldswain-3-1.jpg",564,375,false],"masonry":["https:\/\/www.gesund-heilfasten.de\/diaet\/blog\/wp-content\/uploads\/2021\/06\/pulver-drink-Fotolia_55455665_Warren_Goldswain-3-1.jpg",705,469,false],"entry_with_sidebar":["https:\/\/www.gesund-heilfasten.de\/diaet\/blog\/wp-content\/uploads\/2021\/06\/pulver-drink-Fotolia_55455665_Warren_Goldswain-3-1.jpg",482,321,false],"entry_without_sidebar":["https:\/\/www.gesund-heilfasten.de\/diaet\/blog\/wp-content\/uploads\/2021\/06\/pulver-drink-Fotolia_55455665_Warren_Goldswain-3-1.jpg",636,423,false]},"rttpg_author":{"display_name":"Ren\u00e9 Gr\u00e4ber","author_link":"https:\/\/www.gesund-heilfasten.de\/diaet\/blog\/author\/3d3f44be47d7c9ce\/"},"rttpg_comment":2,"rttpg_category":"<a href=\"https:\/\/www.gesund-heilfasten.de\/diaet\/blog\/category\/allgemein\/\" rel=\"category tag\">Allgemein<\/a>","rttpg_excerpt":"Bei der Beurteilung des tats\u00e4chlichen Gewichts ihrer Kinder kommt es bei Eltern oftmals zu enormen Fehleinsch\u00e4tzungen. Insbesondere M\u00fctter und V\u00e4ter von \u00fcbergewichtigen oder fettleibigen Kindern sind h\u00e4ufig nicht in der Lage, das Gewicht ihres Kindes kritisch zu betrachten.","_links":{"self":[{"href":"https:\/\/www.gesund-heilfasten.de\/diaet\/blog\/wp-json\/wp\/v2\/posts\/249","targetHints":{"allow":["GET"]}}],"collection":[{"href":"https:\/\/www.gesund-heilfasten.de\/diaet\/blog\/wp-json\/wp\/v2\/posts"}],"about":[{"href":"https:\/\/www.gesund-heilfasten.de\/diaet\/blog\/wp-json\/wp\/v2\/types\/post"}],"author":[{"embeddable":true,"href":"https:\/\/www.gesund-heilfasten.de\/diaet\/blog\/wp-json\/wp\/v2\/users\/1"}],"replies":[{"embeddable":true,"href":"https:\/\/www.gesund-heilfasten.de\/diaet\/blog\/wp-json\/wp\/v2\/comments?post=249"}],"version-history":[{"count":6,"href":"https:\/\/www.gesund-heilfasten.de\/diaet\/blog\/wp-json\/wp\/v2\/posts\/249\/revisions"}],"predecessor-version":[{"id":1733,"href":"https:\/\/www.gesund-heilfasten.de\/diaet\/blog\/wp-json\/wp\/v2\/posts\/249\/revisions\/1733"}],"wp:featuredmedia":[{"embeddable":true,"href":"https:\/\/www.gesund-heilfasten.de\/diaet\/blog\/wp-json\/wp\/v2\/media\/1425"}],"wp:attachment":[{"href":"https:\/\/www.gesund-heilfasten.de\/diaet\/blog\/wp-json\/wp\/v2\/media?parent=249"}],"wp:term":[{"taxonomy":"category","embeddable":true,"href":"https:\/\/www.gesund-heilfasten.de\/diaet\/blog\/wp-json\/wp\/v2\/categories?post=249"},{"taxonomy":"post_tag","embeddable":true,"href":"https:\/\/www.gesund-heilfasten.de\/diaet\/blog\/wp-json\/wp\/v2\/tags?post=249"}],"curies":[{"name":"wp","href":"https:\/\/api.w.org\/{rel}","templated":true}]}}