{"id":870,"date":"2016-01-10T14:09:50","date_gmt":"2016-01-10T13:09:50","guid":{"rendered":"https:\/\/www.gesund-heilfasten.de\/diaet\/blog\/?p=870"},"modified":"2023-11-23T16:30:51","modified_gmt":"2023-11-23T15:30:51","slug":"abnehmen-damit-andere-es-merken","status":"publish","type":"post","link":"https:\/\/www.gesund-heilfasten.de\/diaet\/blog\/abnehmen-damit-andere-es-merken\/","title":{"rendered":"So viel muss man abnehmen, damit andere es merken&#8230;"},"content":{"rendered":"<p>Fitness und Gesundheit sind die Hauptgr\u00fcnde, wenn Menschen abnehmen wollen. Doch oft ist auch eine gewisse Eitelkeit im Spiel und so streben viele Frauen und auch M\u00e4nner einem m\u00f6glichst attraktiven Aussehen. Aber\u00a0um wie viel muss man Abnehmen damit\u00a0andere es merken?<\/p>\n<p><!--more--><\/p>\n<p><strong>\u00dcbrigens: Wenn Sie solche Informationen interessieren, dann fordern Sie unbedingt meinen Praxis-Newsletter mit den &#8222;5 Wundermitteln&#8220; an:<\/strong><br \/>\n<script type=\"text\/javascript\" src=\"https:\/\/rene-graeber.de\/view_webform_v2.js?u=v9&#038;webforms_id=pD2TS\"><\/script><\/p>\n<p>Kleine Anmerkung: Die Sache mit den &#8222;5 Wundermitteln&#8220; ist mit Abstand der beliebteste Newsletter, den meine Patienten gerne lesen&#8230;<\/p>\n<p>\u00c4sthetischen Aspekte haben ihren Ursprung in unseren Ansichten \u00fcber Gesundheit.\u00a0Dies meint zumindest <a href=\"https:\/\/psych.utoronto.ca\/users\/rule\/people.html\" target=\"_blank\" rel=\"noopener noreferrer\">Nicholas Rule<\/a> von der Universit\u00e4t Toronto.<\/p>\n<p>Der Fachmann f\u00fcr soziale Wahrnehmung ist \u00fcberzeugt, dass ein schlankes Gesicht allgemein als Indikator f\u00fcr gute Gesundheit gilt und daher auch f\u00fcr attraktiver gehalten wird. Rule wollte wissen, wie viele Kilos purzeln m\u00fcssen, damit wir den Unterschied im Gesicht erkennen und auch als positiv wahrnehmen.<\/p>\n<p>Dazu sollte sich eine Gruppe von Probanden jeweils zwei Portrait-Fotos eines Menschen anschauen. Ein Foto zeigte die Person vor, ein weiteres nach einer Di\u00e4t. Die Teilnehmer mussten dann ihre Bewertungen abgeben. Das erste Ergebnis ist erstaunlich:<\/p>\n<p>Bereits ab 3 Kilo bemerkten die Probanden den Gewichtsverlust anhand der Gesichter. Frappierender jedoch ist das zweite Resultat: Um ein attraktiveres Gesicht zu haben, m\u00fcssen\u00a0\u00dcbergewichtige \u00a0mindestens 8 Kilo abnehmen.<\/p>\n<p><strong>\u00dcbrigens: Wenn Dich solche Informationen interessieren, dann fordere unbedingt meinen kostenlosen Abnehm-Newsletter dazu an:<\/strong><br \/>\n<script type=\"text\/javascript\" src=\"https:\/\/rene-graeber.de\/view_webform_v2.js?u=v9&#038;webforms_id=pQWy2\" data-webform-id=\"B2CGR\"><\/script><\/p>\n","protected":false},"excerpt":{"rendered":"<p>Fitness und Gesundheit sind die Hauptgr\u00fcnde, wenn Menschen abnehmen wollen. Doch oft ist auch eine gewisse Eitelkeit im Spiel und so streben viele Frauen und auch M\u00e4nner einem m\u00f6glichst attraktiven Aussehen. Aber\u00a0um wie viel muss man Abnehmen damit\u00a0andere es merken?<\/p>\n","protected":false},"author":1,"featured_media":777,"comment_status":"open","ping_status":"open","sticky":false,"template":"","format":"standard","meta":{"footnotes":""},"categories":[1],"tags":[],"class_list":["post-870","post","type-post","status-publish","format-standard","has-post-thumbnail","hentry","category-allgemein"],"rttpg_featured_image_url":{"full":["https:\/\/www.gesund-heilfasten.de\/diaet\/blog\/wp-content\/uploads\/2014\/09\/guertel_bauch_iStock_000002163642.jpg",510,338,false],"landscape":["https:\/\/www.gesund-heilfasten.de\/diaet\/blog\/wp-content\/uploads\/2014\/09\/guertel_bauch_iStock_000002163642.jpg",510,338,false],"portraits":["https:\/\/www.gesund-heilfasten.de\/diaet\/blog\/wp-content\/uploads\/2014\/09\/guertel_bauch_iStock_000002163642.jpg",510,338,false],"thumbnail":["https:\/\/www.gesund-heilfasten.de\/diaet\/blog\/wp-content\/uploads\/2014\/09\/guertel_bauch_iStock_000002163642-150x150.jpg",80,80,true],"medium":["https:\/\/www.gesund-heilfasten.de\/diaet\/blog\/wp-content\/uploads\/2014\/09\/guertel_bauch_iStock_000002163642-300x198.jpg",300,198,true],"large":["https:\/\/www.gesund-heilfasten.de\/diaet\/blog\/wp-content\/uploads\/2014\/09\/guertel_bauch_iStock_000002163642.jpg",510,338,false],"1536x1536":["https:\/\/www.gesund-heilfasten.de\/diaet\/blog\/wp-content\/uploads\/2014\/09\/guertel_bauch_iStock_000002163642.jpg",510,338,false],"2048x2048":["https:\/\/www.gesund-heilfasten.de\/diaet\/blog\/wp-content\/uploads\/2014\/09\/guertel_bauch_iStock_000002163642.jpg",510,338,false],"widget":["https:\/\/www.gesund-heilfasten.de\/diaet\/blog\/wp-content\/uploads\/2014\/09\/guertel_bauch_iStock_000002163642.jpg",36,24,false],"square":["https:\/\/www.gesund-heilfasten.de\/diaet\/blog\/wp-content\/uploads\/2014\/09\/guertel_bauch_iStock_000002163642.jpg",180,119,false],"featured":["https:\/\/www.gesund-heilfasten.de\/diaet\/blog\/wp-content\/uploads\/2014\/09\/guertel_bauch_iStock_000002163642.jpg",510,338,false],"featured_large":["https:\/\/www.gesund-heilfasten.de\/diaet\/blog\/wp-content\/uploads\/2014\/09\/guertel_bauch_iStock_000002163642.jpg",510,338,false],"extra_large":["https:\/\/www.gesund-heilfasten.de\/diaet\/blog\/wp-content\/uploads\/2014\/09\/guertel_bauch_iStock_000002163642.jpg",510,338,false],"portfolio":["https:\/\/www.gesund-heilfasten.de\/diaet\/blog\/wp-content\/uploads\/2014\/09\/guertel_bauch_iStock_000002163642.jpg",495,328,false],"portfolio_small":["https:\/\/www.gesund-heilfasten.de\/diaet\/blog\/wp-content\/uploads\/2014\/09\/guertel_bauch_iStock_000002163642.jpg",260,172,false],"gallery":["https:\/\/www.gesund-heilfasten.de\/diaet\/blog\/wp-content\/uploads\/2014\/09\/guertel_bauch_iStock_000002163642.jpg",510,338,false],"magazine":["https:\/\/www.gesund-heilfasten.de\/diaet\/blog\/wp-content\/uploads\/2014\/09\/guertel_bauch_iStock_000002163642.jpg",510,338,false],"masonry":["https:\/\/www.gesund-heilfasten.de\/diaet\/blog\/wp-content\/uploads\/2014\/09\/guertel_bauch_iStock_000002163642.jpg",510,338,false],"entry_with_sidebar":["https:\/\/www.gesund-heilfasten.de\/diaet\/blog\/wp-content\/uploads\/2014\/09\/guertel_bauch_iStock_000002163642.jpg",484,321,false],"entry_without_sidebar":["https:\/\/www.gesund-heilfasten.de\/diaet\/blog\/wp-content\/uploads\/2014\/09\/guertel_bauch_iStock_000002163642.jpg",510,338,false]},"rttpg_author":{"display_name":"Ren\u00e9 Gr\u00e4ber","author_link":"https:\/\/www.gesund-heilfasten.de\/diaet\/blog\/author\/3d3f44be47d7c9ce\/"},"rttpg_comment":1,"rttpg_category":"<a href=\"https:\/\/www.gesund-heilfasten.de\/diaet\/blog\/category\/allgemein\/\" rel=\"category tag\">Allgemein<\/a>","rttpg_excerpt":"Fitness und Gesundheit sind die Hauptgr\u00fcnde, wenn Menschen abnehmen wollen. Doch oft ist auch eine gewisse Eitelkeit im Spiel und so streben viele Frauen und auch M\u00e4nner einem m\u00f6glichst attraktiven Aussehen. Aber\u00a0um wie viel muss man Abnehmen damit\u00a0andere es merken?","_links":{"self":[{"href":"https:\/\/www.gesund-heilfasten.de\/diaet\/blog\/wp-json\/wp\/v2\/posts\/870","targetHints":{"allow":["GET"]}}],"collection":[{"href":"https:\/\/www.gesund-heilfasten.de\/diaet\/blog\/wp-json\/wp\/v2\/posts"}],"about":[{"href":"https:\/\/www.gesund-heilfasten.de\/diaet\/blog\/wp-json\/wp\/v2\/types\/post"}],"author":[{"embeddable":true,"href":"https:\/\/www.gesund-heilfasten.de\/diaet\/blog\/wp-json\/wp\/v2\/users\/1"}],"replies":[{"embeddable":true,"href":"https:\/\/www.gesund-heilfasten.de\/diaet\/blog\/wp-json\/wp\/v2\/comments?post=870"}],"version-history":[{"count":5,"href":"https:\/\/www.gesund-heilfasten.de\/diaet\/blog\/wp-json\/wp\/v2\/posts\/870\/revisions"}],"predecessor-version":[{"id":1891,"href":"https:\/\/www.gesund-heilfasten.de\/diaet\/blog\/wp-json\/wp\/v2\/posts\/870\/revisions\/1891"}],"wp:featuredmedia":[{"embeddable":true,"href":"https:\/\/www.gesund-heilfasten.de\/diaet\/blog\/wp-json\/wp\/v2\/media\/777"}],"wp:attachment":[{"href":"https:\/\/www.gesund-heilfasten.de\/diaet\/blog\/wp-json\/wp\/v2\/media?parent=870"}],"wp:term":[{"taxonomy":"category","embeddable":true,"href":"https:\/\/www.gesund-heilfasten.de\/diaet\/blog\/wp-json\/wp\/v2\/categories?post=870"},{"taxonomy":"post_tag","embeddable":true,"href":"https:\/\/www.gesund-heilfasten.de\/diaet\/blog\/wp-json\/wp\/v2\/tags?post=870"}],"curies":[{"name":"wp","href":"https:\/\/api.w.org\/{rel}","templated":true}]}}